{"id":1225,"date":"2021-05-21T18:11:21","date_gmt":"2021-05-21T21:11:21","guid":{"rendered":"https:\/\/sanjosei27.edu.ar\/?p=1225"},"modified":"2021-05-21T18:58:29","modified_gmt":"2021-05-21T21:58:29","slug":"alfabetizacion-inicial-en-tiempos-de-pandemia","status":"publish","type":"post","link":"https:\/\/sanjosei27.edu.ar\/?p=1225","title":{"rendered":"Alfabetizaci\u00f3n inicial en tiempos de Pandemia"},"content":{"rendered":"\t\t<div data-elementor-type=\"wp-post\" data-elementor-id=\"1225\" class=\"elementor elementor-1225\">\n\t\t\t\t\t\t<section class=\"elementor-section elementor-top-section elementor-element elementor-element-7dd628c elementor-section-boxed elementor-section-height-default elementor-section-height-default\" data-id=\"7dd628c\" data-element_type=\"section\" data-e-type=\"section\">\n\t\t\t\t\t\t<div class=\"elementor-container elementor-column-gap-default\">\n\t\t\t\t\t<div class=\"elementor-column elementor-col-100 elementor-top-column elementor-element elementor-element-449e8b3\" data-id=\"449e8b3\" data-element_type=\"column\" data-e-type=\"column\">\n\t\t\t<div class=\"elementor-widget-wrap elementor-element-populated\">\n\t\t\t\t\t\t<div class=\"elementor-element elementor-element-c12b4be elementor-widget elementor-widget-spacer\" data-id=\"c12b4be\" data-element_type=\"widget\" data-e-type=\"widget\" data-widget_type=\"spacer.default\">\n\t\t\t\t<div class=\"elementor-widget-container\">\n\t\t\t\t\t\t\t<div class=\"elementor-spacer\">\n\t\t\t<div class=\"elementor-spacer-inner\"><\/div>\n\t\t<\/div>\n\t\t\t\t\t\t<\/div>\n\t\t\t\t<\/div>\n\t\t\t\t\t<\/div>\n\t\t<\/div>\n\t\t\t\t\t<\/div>\n\t\t<\/section>\n\t\t\t\t<section class=\"elementor-section elementor-top-section elementor-element elementor-element-13b23a8 elementor-section-boxed elementor-section-height-default elementor-section-height-default\" data-id=\"13b23a8\" data-element_type=\"section\" data-e-type=\"section\">\n\t\t\t\t\t\t<div class=\"elementor-container elementor-column-gap-default\">\n\t\t\t\t\t<div class=\"elementor-column elementor-col-100 elementor-top-column elementor-element elementor-element-6e2826d\" data-id=\"6e2826d\" data-element_type=\"column\" data-e-type=\"column\">\n\t\t\t<div class=\"elementor-widget-wrap elementor-element-populated\">\n\t\t\t\t\t\t<div class=\"elementor-element elementor-element-49ea966 elementor-widget elementor-widget-image\" data-id=\"49ea966\" data-element_type=\"widget\" data-e-type=\"widget\" data-widget_type=\"image.default\">\n\t\t\t\t<div class=\"elementor-widget-container\">\n\t\t\t\t\t\t\t\t\t\t\t\t\t\t\t<img fetchpriority=\"high\" decoding=\"async\" width=\"600\" height=\"600\" src=\"https:\/\/sanjosei27.edu.ar\/wp-content\/uploads\/2021\/05\/Un-proyecto-interinstitucional_web.jpg\" class=\"attachment-medium_large size-medium_large wp-image-1234\" alt=\"\" \/>\t\t\t\t\t\t\t\t\t\t\t\t\t\t\t<\/div>\n\t\t\t\t<\/div>\n\t\t\t\t\t<\/div>\n\t\t<\/div>\n\t\t\t\t\t<\/div>\n\t\t<\/section>\n\t\t\t\t<section class=\"elementor-section elementor-top-section elementor-element elementor-element-3940b39 elementor-section-boxed elementor-section-height-default elementor-section-height-default\" data-id=\"3940b39\" data-element_type=\"section\" data-e-type=\"section\">\n\t\t\t\t\t\t<div class=\"elementor-container elementor-column-gap-default\">\n\t\t\t\t\t<div class=\"elementor-column elementor-col-100 elementor-top-column elementor-element elementor-element-0ddd008\" data-id=\"0ddd008\" data-element_type=\"column\" data-e-type=\"column\">\n\t\t\t<div class=\"elementor-widget-wrap elementor-element-populated\">\n\t\t\t\t\t\t<div class=\"elementor-element elementor-element-bb78c80 elementor-widget elementor-widget-spacer\" data-id=\"bb78c80\" data-element_type=\"widget\" data-e-type=\"widget\" data-widget_type=\"spacer.default\">\n\t\t\t\t<div class=\"elementor-widget-container\">\n\t\t\t\t\t\t\t<div class=\"elementor-spacer\">\n\t\t\t<div class=\"elementor-spacer-inner\"><\/div>\n\t\t<\/div>\n\t\t\t\t\t\t<\/div>\n\t\t\t\t<\/div>\n\t\t\t\t\t<\/div>\n\t\t<\/div>\n\t\t\t\t\t<\/div>\n\t\t<\/section>\n\t\t\t\t<section class=\"elementor-section elementor-top-section elementor-element elementor-element-d8577fa elementor-section-boxed elementor-section-height-default elementor-section-height-default\" data-id=\"d8577fa\" data-element_type=\"section\" data-e-type=\"section\">\n\t\t\t\t\t\t<div class=\"elementor-container elementor-column-gap-default\">\n\t\t\t\t\t<div class=\"elementor-column elementor-col-100 elementor-top-column elementor-element elementor-element-da8c535\" data-id=\"da8c535\" data-element_type=\"column\" data-e-type=\"column\">\n\t\t\t<div class=\"elementor-widget-wrap elementor-element-populated\">\n\t\t\t\t\t\t<div class=\"elementor-element elementor-element-39d174e elementor-widget elementor-widget-heading\" data-id=\"39d174e\" data-element_type=\"widget\" data-e-type=\"widget\" data-widget_type=\"heading.default\">\n\t\t\t\t<div class=\"elementor-widget-container\">\n\t\t\t\t\t<h6 class=\"elementor-heading-title elementor-size-default\">Un proyecto interinstitucional<\/h6>\t\t\t\t<\/div>\n\t\t\t\t<\/div>\n\t\t\t\t\t<\/div>\n\t\t<\/div>\n\t\t\t\t\t<\/div>\n\t\t<\/section>\n\t\t\t\t<section class=\"elementor-section elementor-top-section elementor-element elementor-element-4d7b401 elementor-section-boxed elementor-section-height-default elementor-section-height-default\" data-id=\"4d7b401\" data-element_type=\"section\" data-e-type=\"section\">\n\t\t\t\t\t\t<div class=\"elementor-container elementor-column-gap-default\">\n\t\t\t\t\t<div class=\"elementor-column elementor-col-100 elementor-top-column elementor-element elementor-element-2f7d890\" data-id=\"2f7d890\" data-element_type=\"column\" data-e-type=\"column\">\n\t\t\t<div class=\"elementor-widget-wrap elementor-element-populated\">\n\t\t\t\t\t\t<div class=\"elementor-element elementor-element-78505e3 elementor-widget elementor-widget-heading\" data-id=\"78505e3\" data-element_type=\"widget\" data-e-type=\"widget\" data-widget_type=\"heading.default\">\n\t\t\t\t<div class=\"elementor-widget-container\">\n\t\t\t\t\t<h2 class=\"elementor-heading-title elementor-size-default\">Alfabetizaci\u00f3n inicial en tiempos de Pandemia\n<\/h2>\t\t\t\t<\/div>\n\t\t\t\t<\/div>\n\t\t\t\t\t<\/div>\n\t\t<\/div>\n\t\t\t\t\t<\/div>\n\t\t<\/section>\n\t\t\t\t<section class=\"elementor-section elementor-top-section elementor-element elementor-element-cb39e3b elementor-section-boxed elementor-section-height-default elementor-section-height-default\" data-id=\"cb39e3b\" data-element_type=\"section\" data-e-type=\"section\">\n\t\t\t\t\t\t<div class=\"elementor-container elementor-column-gap-default\">\n\t\t\t\t\t<div class=\"elementor-column elementor-col-66 elementor-top-column elementor-element elementor-element-ac8230b\" data-id=\"ac8230b\" data-element_type=\"column\" data-e-type=\"column\">\n\t\t\t<div class=\"elementor-widget-wrap elementor-element-populated\">\n\t\t\t\t\t\t<div class=\"elementor-element elementor-element-e39efdb elementor-widget elementor-widget-text-editor\" data-id=\"e39efdb\" data-element_type=\"widget\" data-e-type=\"widget\" data-widget_type=\"text-editor.default\">\n\t\t\t\t<div class=\"elementor-widget-container\">\n\t\t\t\t\t\t\t\t\t<p>El 17 de mayo se realiz\u00f3 una reuni\u00f3n interinstitucional en el marco del programa de Apoyo Pedag\u00f3gico a Instituciones que realizan docentes y alumnos del <strong>Instituto Superior San Jos\u00e9<\/strong> y que tiene como destinataria una escuela \u2013<strong> de la Fundaci\u00f3n Fe y Alegr\u00eda <\/strong>&#8211; ubicada en el Barrio Ongay- a trav\u00e9s del <strong><span style=\"color: #003366;\">Proyecto de Alfabetizaci\u00f3n en el Nivel Inicial.<\/span><\/strong><\/p><p>El trabajo parte de una iniciativa de extensi\u00f3n que fue presentado por el profesor Fabi\u00e1n Yausaz, docente del Profesorado de Educaci\u00f3n Secundaria en Lengua y Literatura del Instituto San Jos\u00e9. El mismo comenz\u00f3 a desarrollarse en el a\u00f1o 2020 incluyendo a Maestras del Nivel Inicial de otros establecimientos educativos que la Fundaci\u00f3n Fe y Alegr\u00eda tiene en la zona del NEA y NOA.<\/p><p>Durante el encuentro interinstitucional, el primero del a\u00f1o, el Profesor Yausaz present\u00f3 su propuesta de acompa\u00f1amiento pedag\u00f3gico. \u00c9sta parte del trabajo realizado durante el a\u00f1o pasado en el que se moviliz\u00f3 a las docentes participantes a reflexionar colectivamente sobre las experiencias educativas en contexto de pandemia con el prop\u00f3sito de visualizar posibles estrategias desde un abordaje interdisciplinario.<\/p><p>Participaron, como coordinadoras del trabajo, Viviana Valenzuela, Erika Zosa, Lucrecia Silvia y Carolina Torres, egresada y alumnas -respectivamente- de la Tecnicatura Superior en Operador de Psicolog\u00eda Social.<\/p><p>La reuni\u00f3n cont\u00f3, adem\u00e1s, con la presencia del Vicerrector del Instituto San Jos\u00e9, Luis Hern\u00e1ndez; la referente de la Fundaci\u00f3n, Prof. Dora Chiflets; directivos y docentes de Nivel Inicial de la mencionada Escuela.<\/p><p>La propuesta de Yausaz, que se trabajar\u00e1 a lo largo del presente ciclo, contempla la implementaci\u00f3n de propuestas did\u00e1cticas que articulen actividades en la presencialidad y a distancia, atendiendo las peculiaridades y diferentes situaciones en la que se puedan encontrar los ni\u00f1os y las maestras.<\/p>\t\t\t\t\t\t\t\t<\/div>\n\t\t\t\t<\/div>\n\t\t\t\t\t<\/div>\n\t\t<\/div>\n\t\t\t\t<div class=\"elementor-column elementor-col-33 elementor-top-column elementor-element elementor-element-fec0a73\" data-id=\"fec0a73\" data-element_type=\"column\" data-e-type=\"column\">\n\t\t\t<div class=\"elementor-widget-wrap\">\n\t\t\t\t\t\t\t<\/div>\n\t\t<\/div>\n\t\t\t\t\t<\/div>\n\t\t<\/section>\n\t\t\t\t<section class=\"elementor-section elementor-top-section elementor-element elementor-element-0f07ee8 elementor-section-boxed elementor-section-height-default elementor-section-height-default\" data-id=\"0f07ee8\" data-element_type=\"section\" data-e-type=\"section\">\n\t\t\t\t\t\t<div class=\"elementor-container elementor-column-gap-default\">\n\t\t\t\t\t<div class=\"elementor-column elementor-col-100 elementor-top-column elementor-element elementor-element-3f6381f\" data-id=\"3f6381f\" data-element_type=\"column\" data-e-type=\"column\">\n\t\t\t<div class=\"elementor-widget-wrap elementor-element-populated\">\n\t\t\t\t\t\t<div class=\"elementor-element elementor-element-4cdffef e-grid-align-left elementor-shape-rounded elementor-grid-0 elementor-invisible elementor-widget elementor-widget-social-icons\" data-id=\"4cdffef\" data-element_type=\"widget\" data-e-type=\"widget\" data-settings=\"{&quot;_animation&quot;:&quot;fadeIn&quot;}\" data-widget_type=\"social-icons.default\">\n\t\t\t\t<div class=\"elementor-widget-container\">\n\t\t\t\t\t\t\t<div class=\"elementor-social-icons-wrapper elementor-grid\" role=\"list\">\n\t\t\t\t\t\t\t<span class=\"elementor-grid-item\" role=\"listitem\">\n\t\t\t\t\t<a class=\"elementor-icon elementor-social-icon elementor-social-icon-facebook elementor-animation-grow elementor-repeater-item-47dd1a6\" href=\"https:\/\/www.facebook.com\/instsanjosei27\" target=\"_blank\">\n\t\t\t\t\t\t<span class=\"elementor-screen-only\">Facebook<\/span>\n\t\t\t\t\t\t<i aria-hidden=\"true\" class=\"fab fa-facebook\"><\/i>\t\t\t\t\t<\/a>\n\t\t\t\t<\/span>\n\t\t\t\t\t\t\t<span class=\"elementor-grid-item\" role=\"listitem\">\n\t\t\t\t\t<a class=\"elementor-icon elementor-social-icon elementor-social-icon-instagram elementor-animation-grow elementor-repeater-item-8625171\" href=\"https:\/\/www.instagram.com\/instsanjose\/\" target=\"_blank\">\n\t\t\t\t\t\t<span class=\"elementor-screen-only\">Instagram<\/span>\n\t\t\t\t\t\t<i aria-hidden=\"true\" class=\"fab fa-instagram\"><\/i>\t\t\t\t\t<\/a>\n\t\t\t\t<\/span>\n\t\t\t\t\t<\/div>\n\t\t\t\t\t\t<\/div>\n\t\t\t\t<\/div>\n\t\t\t\t\t<\/div>\n\t\t<\/div>\n\t\t\t\t\t<\/div>\n\t\t<\/section>\n\t\t\t\t<section class=\"elementor-section elementor-top-section elementor-element elementor-element-6c17913 elementor-section-boxed elementor-section-height-default elementor-section-height-default\" data-id=\"6c17913\" data-element_type=\"section\" data-e-type=\"section\">\n\t\t\t\t\t\t<div class=\"elementor-container elementor-column-gap-default\">\n\t\t\t\t\t<div class=\"elementor-column elementor-col-50 elementor-top-column elementor-element elementor-element-c2eb0c4\" data-id=\"c2eb0c4\" data-element_type=\"column\" data-e-type=\"column\">\n\t\t\t<div class=\"elementor-widget-wrap elementor-element-populated\">\n\t\t\t\t\t\t<div class=\"elementor-element elementor-element-8d24909 elementor-widget elementor-widget-html\" data-id=\"8d24909\" data-element_type=\"widget\" data-e-type=\"widget\" data-widget_type=\"html.default\">\n\t\t\t\t<div class=\"elementor-widget-container\">\n\t\t\t\t\t<input type=\"button\" onclick=\"history.back()\" name=\"volver atr\u00e1s\" value=\"volver \">\t\t\t\t<\/div>\n\t\t\t\t<\/div>\n\t\t\t\t\t<\/div>\n\t\t<\/div>\n\t\t\t\t<div class=\"elementor-column elementor-col-50 elementor-top-column elementor-element elementor-element-747f6db\" data-id=\"747f6db\" data-element_type=\"column\" data-e-type=\"column\">\n\t\t\t<div class=\"elementor-widget-wrap elementor-element-populated\">\n\t\t\t\t\t\t<div class=\"elementor-element elementor-element-5dbcc0d elementor-invisible elementor-widget elementor-widget-button\" data-id=\"5dbcc0d\" data-element_type=\"widget\" data-e-type=\"widget\" data-settings=\"{&quot;_animation&quot;:&quot;fadeInRight&quot;}\" data-widget_type=\"button.default\">\n\t\t\t\t<div class=\"elementor-widget-container\">\n\t\t\t\t\t\t\t\t\t<div class=\"elementor-button-wrapper\">\n\t\t\t\t\t<a class=\"elementor-button elementor-button-link elementor-size-sm\" href=\"http:\/\/nuevaweb.sanjosei27.edu.ar\/?page_id=43\">\n\t\t\t\t\t\t<span class=\"elementor-button-content-wrapper\">\n\t\t\t\t\t\t\t\t\t<span class=\"elementor-button-text\">+ novedades<\/span>\n\t\t\t\t\t<\/span>\n\t\t\t\t\t<\/a>\n\t\t\t\t<\/div>\n\t\t\t\t\t\t\t\t<\/div>\n\t\t\t\t<\/div>\n\t\t\t\t\t<\/div>\n\t\t<\/div>\n\t\t\t\t\t<\/div>\n\t\t<\/section>\n\t\t\t\t<\/div>\n\t\t","protected":false},"excerpt":{"rendered":"<p>Reuni\u00f3n interinstitucional en el marco del programa de Apoyo Pedag\u00f3gico a Instituciones<\/p>\n","protected":false},"author":1,"featured_media":1234,"comment_status":"closed","ping_status":"closed","sticky":false,"template":"elementor_header_footer","format":"standard","meta":{"footnotes":""},"categories":[46,11],"tags":[65,87,89,88],"class_list":["post-1225","post","type-post","status-publish","format-standard","has-post-thumbnail","hentry","category-cursos-y-capacitaciones","category-novedades","tag-65","tag-alfabetizacion","tag-proyecto-interinstitucional","tag-tiempos-de-pandemia"],"_links":{"self":[{"href":"https:\/\/sanjosei27.edu.ar\/index.php?rest_route=\/wp\/v2\/posts\/1225","targetHints":{"allow":["GET"]}}],"collection":[{"href":"https:\/\/sanjosei27.edu.ar\/index.php?rest_route=\/wp\/v2\/posts"}],"about":[{"href":"https:\/\/sanjosei27.edu.ar\/index.php?rest_route=\/wp\/v2\/types\/post"}],"author":[{"embeddable":true,"href":"https:\/\/sanjosei27.edu.ar\/index.php?rest_route=\/wp\/v2\/users\/1"}],"replies":[{"embeddable":true,"href":"https:\/\/sanjosei27.edu.ar\/index.php?rest_route=%2Fwp%2Fv2%2Fcomments&post=1225"}],"version-history":[{"count":8,"href":"https:\/\/sanjosei27.edu.ar\/index.php?rest_route=\/wp\/v2\/posts\/1225\/revisions"}],"predecessor-version":[{"id":1237,"href":"https:\/\/sanjosei27.edu.ar\/index.php?rest_route=\/wp\/v2\/posts\/1225\/revisions\/1237"}],"wp:featuredmedia":[{"embeddable":true,"href":"https:\/\/sanjosei27.edu.ar\/index.php?rest_route=\/wp\/v2\/media\/1234"}],"wp:attachment":[{"href":"https:\/\/sanjosei27.edu.ar\/index.php?rest_route=%2Fwp%2Fv2%2Fmedia&parent=1225"}],"wp:term":[{"taxonomy":"category","embeddable":true,"href":"https:\/\/sanjosei27.edu.ar\/index.php?rest_route=%2Fwp%2Fv2%2Fcategories&post=1225"},{"taxonomy":"post_tag","embeddable":true,"href":"https:\/\/sanjosei27.edu.ar\/index.php?rest_route=%2Fwp%2Fv2%2Ftags&post=1225"}],"curies":[{"name":"wp","href":"https:\/\/api.w.org\/{rel}","templated":true}]}}