{"id":1426,"date":"2021-08-20T20:23:16","date_gmt":"2021-08-20T23:23:16","guid":{"rendered":"https:\/\/sanjosei27.edu.ar\/?p=1426"},"modified":"2021-08-20T20:50:11","modified_gmt":"2021-08-20T23:50:11","slug":"el-docente-como-figura-humana","status":"publish","type":"post","link":"https:\/\/sanjosei27.edu.ar\/?p=1426","title":{"rendered":"El docente como figura humana"},"content":{"rendered":"\t\t<div data-elementor-type=\"wp-post\" data-elementor-id=\"1426\" class=\"elementor elementor-1426\">\n\t\t\t\t\t\t<section class=\"elementor-section elementor-top-section elementor-element elementor-element-7dd628c elementor-section-boxed elementor-section-height-default elementor-section-height-default\" data-id=\"7dd628c\" data-element_type=\"section\" data-e-type=\"section\">\n\t\t\t\t\t\t<div class=\"elementor-container elementor-column-gap-default\">\n\t\t\t\t\t<div class=\"elementor-column elementor-col-100 elementor-top-column elementor-element elementor-element-449e8b3\" data-id=\"449e8b3\" data-element_type=\"column\" data-e-type=\"column\">\n\t\t\t<div class=\"elementor-widget-wrap elementor-element-populated\">\n\t\t\t\t\t\t<div class=\"elementor-element elementor-element-c12b4be elementor-widget elementor-widget-spacer\" data-id=\"c12b4be\" data-element_type=\"widget\" data-e-type=\"widget\" data-widget_type=\"spacer.default\">\n\t\t\t\t<div class=\"elementor-widget-container\">\n\t\t\t\t\t\t\t<div class=\"elementor-spacer\">\n\t\t\t<div class=\"elementor-spacer-inner\"><\/div>\n\t\t<\/div>\n\t\t\t\t\t\t<\/div>\n\t\t\t\t<\/div>\n\t\t\t\t\t<\/div>\n\t\t<\/div>\n\t\t\t\t\t<\/div>\n\t\t<\/section>\n\t\t\t\t<section class=\"elementor-section elementor-top-section elementor-element elementor-element-13b23a8 elementor-section-boxed elementor-section-height-default elementor-section-height-default\" data-id=\"13b23a8\" data-element_type=\"section\" data-e-type=\"section\">\n\t\t\t\t\t\t<div class=\"elementor-container elementor-column-gap-default\">\n\t\t\t\t\t<div class=\"elementor-column elementor-col-100 elementor-top-column elementor-element elementor-element-6e2826d\" data-id=\"6e2826d\" data-element_type=\"column\" data-e-type=\"column\">\n\t\t\t<div class=\"elementor-widget-wrap elementor-element-populated\">\n\t\t\t\t\t\t<div class=\"elementor-element elementor-element-49ea966 elementor-widget elementor-widget-image\" data-id=\"49ea966\" data-element_type=\"widget\" data-e-type=\"widget\" data-widget_type=\"image.default\">\n\t\t\t\t<div class=\"elementor-widget-container\">\n\t\t\t\t\t\t\t\t\t\t\t\t\t\t\t<img fetchpriority=\"high\" decoding=\"async\" width=\"600\" height=\"600\" src=\"https:\/\/sanjosei27.edu.ar\/wp-content\/uploads\/2021\/08\/grafica_web.jpg\" class=\"attachment-medium_large size-medium_large wp-image-1428\" alt=\"\" \/>\t\t\t\t\t\t\t\t\t\t\t\t\t\t\t<\/div>\n\t\t\t\t<\/div>\n\t\t\t\t\t<\/div>\n\t\t<\/div>\n\t\t\t\t\t<\/div>\n\t\t<\/section>\n\t\t\t\t<section class=\"elementor-section elementor-top-section elementor-element elementor-element-6919a90 elementor-section-boxed elementor-section-height-default elementor-section-height-default\" data-id=\"6919a90\" data-element_type=\"section\" data-e-type=\"section\">\n\t\t\t\t\t\t<div class=\"elementor-container elementor-column-gap-default\">\n\t\t\t\t\t<div class=\"elementor-column elementor-col-100 elementor-top-column elementor-element elementor-element-e79c182\" data-id=\"e79c182\" data-element_type=\"column\" data-e-type=\"column\">\n\t\t\t<div class=\"elementor-widget-wrap elementor-element-populated\">\n\t\t\t\t\t\t<div class=\"elementor-element elementor-element-af438d5 elementor-widget elementor-widget-spacer\" data-id=\"af438d5\" data-element_type=\"widget\" data-e-type=\"widget\" data-widget_type=\"spacer.default\">\n\t\t\t\t<div class=\"elementor-widget-container\">\n\t\t\t\t\t\t\t<div class=\"elementor-spacer\">\n\t\t\t<div class=\"elementor-spacer-inner\"><\/div>\n\t\t<\/div>\n\t\t\t\t\t\t<\/div>\n\t\t\t\t<\/div>\n\t\t\t\t\t<\/div>\n\t\t<\/div>\n\t\t\t\t\t<\/div>\n\t\t<\/section>\n\t\t\t\t<section class=\"elementor-section elementor-top-section elementor-element elementor-element-d8577fa elementor-section-boxed elementor-section-height-default elementor-section-height-default\" data-id=\"d8577fa\" data-element_type=\"section\" data-e-type=\"section\">\n\t\t\t\t\t\t<div class=\"elementor-container elementor-column-gap-default\">\n\t\t\t\t\t<div class=\"elementor-column elementor-col-100 elementor-top-column elementor-element elementor-element-da8c535\" data-id=\"da8c535\" data-element_type=\"column\" data-e-type=\"column\">\n\t\t\t<div class=\"elementor-widget-wrap elementor-element-populated\">\n\t\t\t\t\t\t<div class=\"elementor-element elementor-element-39d174e elementor-widget elementor-widget-heading\" data-id=\"39d174e\" data-element_type=\"widget\" data-e-type=\"widget\" data-widget_type=\"heading.default\">\n\t\t\t\t<div class=\"elementor-widget-container\">\n\t\t\t\t\t<h2 class=\"elementor-heading-title elementor-size-default\">El docente como figura humana\n\n\n<\/h2>\t\t\t\t<\/div>\n\t\t\t\t<\/div>\n\t\t\t\t\t<\/div>\n\t\t<\/div>\n\t\t\t\t\t<\/div>\n\t\t<\/section>\n\t\t\t\t<section class=\"elementor-section elementor-top-section elementor-element elementor-element-cb39e3b elementor-section-boxed elementor-section-height-default elementor-section-height-default\" data-id=\"cb39e3b\" data-element_type=\"section\" data-e-type=\"section\">\n\t\t\t\t\t\t<div class=\"elementor-container elementor-column-gap-default\">\n\t\t\t\t\t<div class=\"elementor-column elementor-col-66 elementor-top-column elementor-element elementor-element-ac8230b\" data-id=\"ac8230b\" data-element_type=\"column\" data-e-type=\"column\">\n\t\t\t<div class=\"elementor-widget-wrap elementor-element-populated\">\n\t\t\t\t\t\t<div class=\"elementor-element elementor-element-e39efdb elementor-widget elementor-widget-text-editor\" data-id=\"e39efdb\" data-element_type=\"widget\" data-e-type=\"widget\" data-widget_type=\"text-editor.default\">\n\t\t\t\t<div class=\"elementor-widget-container\">\n\t\t\t\t\t\t\t\t\t<p><span style=\"font-weight: 400;\">\u00a0En los \u00faltimos p\u00e1rrafos de mi narrativa me he referido a lo que se ense\u00f1a sin ense\u00f1ar, es decir, indirectamente. Es de eso que quiero escribir en esta oportunidad, de todo lo que pude aprender en las clases de mis profesores, sin que me lo ense\u00f1en. Tambi\u00e9n he escrito sobre la responsabilidad que conlleva el hecho de que uno no solo ense\u00f1a con lo que ense\u00f1a sino con lo que transmite.<\/span><\/p><p><span style=\"font-weight: 400;\">\u00a0\u00a0\u00a0Y esto \u00faltimo me ha llevado a pensar \u00bfuno puede elegir lo que transmite? He llegado a la conclusi\u00f3n de que no, no voluntariamente. Uno transmite alegr\u00eda si est\u00e1 verdaderamente alegre, no si simula estarlo a fin de poder transmitirlo. Estas son las cuestiones que me interesan profundizar ya que, en ese caso, aquellos profesores que practiquen el respeto podr\u00e1n transmitirlo y generarlo. Solo quienes ejerzan el gusto por el trabajo podr\u00e1n vislumbrar este sentimiento. Solo quienes se comporten como humanos podr\u00e1n incitar a practicar humanidad.<\/span><\/p><p><span style=\"font-weight: 400;\">\u00a0\u00a0\u00a0Hace algunos a\u00f1os comenc\u00e9 a leer un libro escrito por un rabino porte\u00f1o, Sergio Bergman, que hablaba -como se titula- sobre \u201cser humanos\u201d. Comentaba que el hecho de ser humano no refiere -como por costumbre se considera- a los mam\u00edferos m\u00e1s sofisticados que somos. Sino a algo m\u00e1s complejo que requiere desarrollo. Para \u201cser\u201d efectivamente \u201chumano\u201d, como dice Bergman, se debe practicar la humanidad, valga la redundancia. Y en su libro el rabino expone los distintos aspectos que se deben trabajar para llegar a \u201cser humano\u201d, como por ejemplo la generosidad, la paciencia, la templanza, la humildad, la autenticidad, la responsabilidad, la alegr\u00eda, la compasi\u00f3n, etc. Todas estas virtudes forman parte de un \u201cser humano\u201d.<\/span><\/p><p><b>TEMPLANZA, PACIENCIA<\/b><\/p><p><span style=\"font-weight: 400;\">\u00a0\u00a0\u00a0He o\u00eddo a muchos docentes decir que su mayor objetivo es que sus alumnos sean buenas personas. Creo que el quid de la cuesti\u00f3n es este: uno ense\u00f1a cuando transmite, entonces, si uno se comporta con humanidad es muy posible que sus alumnos lo hagan tambi\u00e9n. Recuerdo un profesor en mi secundaria que a gritos ped\u00eda silencio. Una vez grit\u00f3 tanto que su p\u00e1lida cara se puso roja como un tomate, nos insult\u00f3 y despu\u00e9s de un minuto dijo que \u00e9ramos unos irrespetuosos. Sali\u00f3 del aula dando un portazo estrepitoso. Una vez, a los cinco a\u00f1os, yo tambi\u00e9n di un portazo as\u00ed de fuerte cuando me enoj\u00e9 con mis amiguitas. En fin, volviendo al tema, aquella escena, la de mi profesor, la guard\u00e9 en mi mente durante a\u00f1os. Me hab\u00eda parecido tan ir\u00f3nico que pida que se le devuelva algo que \u00e9l no ofrec\u00eda: respeto, carisma, inter\u00e9s por lo que se hace. Me acuerdo haber pensado \u201cno da ganas tratar bien a quien maltrata\u201d.<\/span><\/p><p><b>RESPETO, COMPASI\u00d3N<\/b><\/p><p><span style=\"font-weight: 400;\">\u00a0\u00a0\u00a0Tuve otro profesor que tambi\u00e9n se jactaba de \u201cbuen docente\u201d y de transmisor de buenos valores. Y durante mis primeros a\u00f1os de secundaria yo le cre\u00ed y escuch\u00e9 atentamente. Cuando uno es peque\u00f1o y se le ense\u00f1a \u201cesto es bueno y esto es malo\u201d; \u201cyo soy una buena persona, soy muy inteligente\u201d uno se lo cree, o al menos yo me lo cre\u00ed. Hasta que fui m\u00e1s grande y me fui dando cuenta de la cantidad de burlas que hab\u00eda en sus clases. Quer\u00eda caerle bien al grupo de alumnos e imagino que no se le ocurri\u00f3 mejor opci\u00f3n que burlarse de cada uno, tambi\u00e9n permitiendo las burlas entre nosotros. Una cosa incita a la otra, como dije anteriormente.<\/span><\/p><p><span style=\"font-weight: 400;\">En cambio, hab\u00eda docentes que no se esforzaban en evocar directamente ninguna conducta, simplemente se mostraban aut\u00e9nticos, y eso daba ganas de serlo tambi\u00e9n. Esta autenticidad los personalizaba como seres humanos. No como una figura acabada e inalcanzable a la que no se puede aspirar a imitar. Una persona que se muestra humana, con desaciertos y todo, considero que es el mejor ejemplo a seguir.<\/span><\/p><p><b>HUMILDAD<\/b><\/p><p><span style=\"font-weight: 400;\">\u00a0\u00a0\u00a0Susana Maurin (2020) en su libro \u201cEducaci\u00f3n emocional y social en la Escuela\u201d escribi\u00f3: \u201c&#8230;un docente s\u00f3lo podr\u00e1 ense\u00f1ar a escuchar si \u00e9l mismo escucha; s\u00f3lo podr\u00e1 ense\u00f1ar a aprender si \u00e9l mismo muestra su propio deseo de aprender. ( p.137) Explica que, adem\u00e1s, que en ocasiones favorece a la educaci\u00f3n emocional que \u201cel educador permita que el alumno se ubique transitoriamente en un lugar de comunicaci\u00f3n asim\u00e9trica de superioridad\u201d (p.137). Esto supone que el docente visibilice su incomprensi\u00f3n sobre alg\u00fan conocimiento o habilidad con la intenci\u00f3n de dar lugar al estudiante que \u201cense\u00f1e\u201d aquello que sabe mejor que los dem\u00e1s. Esta estrategia permite destacar la \u201cexcelencia\u201d de cada alumno y su singularidad. Esa asimetr\u00eda entonces se convierte en una valiosa estrategia did\u00e1ctica ya que da lugar al desarrollo de autoafirmaci\u00f3n de cada estudiante; a la valoraci\u00f3n propia; a su expresi\u00f3n y hasta fortalece su imagen frente a los dem\u00e1s. \u201cCuando el docente sale ocasionalmente del rol del \u00fanico que ocupa el lugar de \u201ctodo el saber\u201d retroalimenta, dinamiza y enriquece los aprendizajes.\u201d (p. 136). Es decir, mostrarse humano y con desaciertos -y no como \u201cconocedor de todo el saber\u201d- no solo habilita un espacio en el que se pueda aprender de humanidad sino que tambi\u00e9n resulta ser una efectiva estrategia did\u00e1ctica.<\/span><\/p><p><b>AUTENTICIDAD<\/b><\/p><p><span style=\"font-weight: 400;\">\u00a0\u00a0\u00a0La pedagoga argentina y especialista en formaci\u00f3n docente, Andrea Alliaud, expone una postura \u2013a mi parecer muy interesante- acerca del modelo docente. Y c\u00f3mo \u00e9ste influenciar\u00e1 el proceso de aprendizaje seg\u00fan la distancia existente del v\u00ednculo ense\u00f1ante-aprendiz. Alliaud en este caso coincide con Maurin en el punto de salir del modelo tan usado de \u201cposeedor de todo el saber\u201d. El hecho de que el docente seleccione cierto tiempo para relatar sus propias experiencias y aprendizajes en forma simple causar\u00e1 que quienes se encuentren aprendiendo puedan encontrarse, incluso identificarse, con un igual y aprender de \u00e9l (Alliaud, 2011: 21). Mostrarse humano en el aula abre un camino hacia la posible identificaci\u00f3n del alumno y posterior seguimiento de metas.<\/span><\/p><p><span style=\"font-weight: 400;\">Estos modelos hablantes y en acci\u00f3n favorecen el hecho de que quienes est\u00e1n aprendiendo o se est\u00e1n formando tomen conciencia de la capacidad propia para poder hacerlo. Tales modalidades de formaci\u00f3n acercan, acortan las distancias y humanizan el v\u00ednculo que se establece entre ense\u00f1antes y aprendices, a partir de lo cual se hace posible y resulta viable aprender de ellos (los modelos), tomar de ellos lo que pueden aportar en el proceso de aprendizaje\/formaci\u00f3n\/producci\u00f3n que se est\u00e1 protagonizando.<\/span><\/p><p><span style=\"font-weight: 400;\">(Alliaud. \u201cLos gajes del oficio: ense\u00f1anza, pedagog\u00eda y formaci\u00f3n\u201d. 2011: 21)<\/span><\/p><p><span style=\"font-weight: 400;\">\u00a0\u00a0\u00a0Andrea Alliaud remarca la importancia de que quien ense\u00f1a se proyecte como una imagen real, como ser inacabado. Por lo que resulta valioso que el modelo se muestre como alguien no acabado, como modelo imperfecto que se encuentra all\u00ed educando; formando; guiando; ense\u00f1ando y aprendiendo para elevarse y desarrollarse a s\u00ed mismo. Esto habilitar\u00e1 el despojo de la idealizaci\u00f3n sobre el docente, lo cual acorta las distancias entre lo que se es y lo que se quiere llegar a ser. A diferencia del modelo corriente de \u201ctodo el saber\u201d que agranda las distancias, avanza sobre las desigualdades y eterniza el proceso de formaci\u00f3n.<\/span><\/p><p><span style=\"font-weight: 400;\">\u00a0\u00a0\u00a0Muy a cuento viene la acotaci\u00f3n del fil\u00f3sofo alem\u00e1n Nietzsche: \u201cCabr\u00eda incluso decir que lo que en su ser hab\u00eda de imperfecto y demasiado humano es precisamente lo que nos acerca, en el m\u00e1s humano de los sentidos, a \u00e9l, porque lo vemos como un ser que sufre, como un compa\u00f1ero de infortunios y no s\u00f3lo en la desde\u00f1osa altura del genio\u201d (2001: 49)<\/span><\/p><p><span style=\"font-weight: 400;\">\u00a0\u00a0\u00a0Resulta asombrosa la familiaridad que se produce en el aula cuando un profesor exclama \u201c\u00a1Ay! me olvid\u00e9\u201d sobre un dato menor o \u201cMe confund\u00ed, menos mal que est\u00e1n atentos\u201d. Un profesor siempre va a simbolizar una figura de autoridad, es por esto que es tan significativo que este se muestre -con todo su estudio y tantos conocimientos como para ense\u00f1ar- como una persona que se puede confundir. No quiero que se me malinterprete. El hecho de confundirse u olvidarse de alg\u00fan dato no es relevante solo porque s\u00ed, sino porque esto deja en descubierto su humanidad.<\/span><\/p><p><b>ALEGR\u00cdA<\/b><\/p><p><span style=\"font-weight: 400;\">\u00a0\u00a0\u00a0En cuarto a\u00f1o de secundaria tuve una profesora de lengua y literatura a la que de cari\u00f1o llam\u00e1bamos \u201cCeci\u201d. Ten\u00eda una risa caracter\u00edstica. Una vez que se comenzaba a re\u00edr no pod\u00eda parar, y seguido a eso toda la clase se convert\u00eda en un coro de risas inacabables. Era una persona que ten\u00eda a flor de piel las emociones y creo que eso es algo muy loable. Ella era sumamente transparente, lo que generaba cercan\u00eda y adem\u00e1s confianza en sus clases. Recuerdo que una vez se le humedecieron los ojos cuando nos dio la interpretaci\u00f3n de un p\u00e1rrafo de una novela de Bioy Casares, \u201cLa Guerra del Cerdo\u201d. Es la historia de un hombre en la que se refleja el desd\u00e9n hacia los ancianos. En su momento yo no supe entender mucho el texto, no le di gran significaci\u00f3n a la historia. Hasta que la profe Ceci lo explic\u00f3, y nos hizo tomar conciencia sobre el maltrato actual hacia los adultos mayores. Al o\u00edrlo con sus palabras y verlo en sus ojos: todos entendimos. Tal as\u00ed que ya va la mitad de una d\u00e9cada de eso y recuerdo esa novela a la perfecci\u00f3n. Una novela que de haberla le\u00eddo sola, sin las palabras ni el quiebre de voz de la profe Ceci, no hubiera significado nada. A trav\u00e9s de su humanidad yo pude entender la magnitud de la historia.<\/span><\/p><p><b>GENEROSIDAD<\/b><\/p><p><span style=\"font-weight: 400;\">\u00a0\u00a0\u00a0En quinto a\u00f1o tuve un profesor de historia, se llamaba Claudio. Yo nunca fui buena en historia y eso el profe Claudio no lo pudo cambiar, pero s\u00ed me ense\u00f1\u00f3 muchas otras cosas. En sus clases reinaba el silencio. No porque \u00e9l estuviese pidiendo a cada rato que nos callemos sino porque era un placer escucharlo. Tanto como si estuviese anotando palabras \u2013que parec\u00edan garabatos por su horrible letra- en el pizarr\u00f3n como si nos estuviese leyendo: todos escuch\u00e1bamos atentos. Una vez nos hizo juntar juguetes para un orfanato de la ciudad. Nos ense\u00f1\u00f3 mucho m\u00e1s que historia. Siempre se dirigi\u00f3 a cada uno de nosotros, sus alumnos, con el mayor respeto. Creo que por eso siempre tuvo el respeto y la estima de cada uno.<\/span><\/p><p><b>RESPONSABILIDAD<\/b><\/p><p><span style=\"font-weight: 400;\">\u00a0\u00a0\u00a0Siendo ya m\u00e1s grande tuve una profesora que ley\u00f3 cada tarea que escrib\u00ed, escuch\u00f3 atentamente cada aporte que hice y me dio una detallada devoluci\u00f3n de cada trabajo. Recuerdo que en variadas ocasiones, en secundaria, le di poca importancia a la producci\u00f3n de mis trabajos ya que estaba segura de que \u00e9stos no iban a ser le\u00eddos o totalmente valorados. Me parec\u00eda una p\u00e9rdida de tiempo esforzarme en algo que sab\u00eda que quien lo evaluaba no le iba a prestar mucha atenci\u00f3n. Llegu\u00e9 a esa conclusi\u00f3n despu\u00e9s de haber recibido una nota calificativa cerrada sin ning\u00fan tipo de apreciaci\u00f3n o sugerencia del profesor. Despu\u00e9s de haber tomado coraje para participar en clase y ser ignorada o agresivamente corregida frente a todos. Uno siente ganas de escribir, de hablar, de opinar, de debatir porque se siente escuchado. Yo me siento escuchada y, adem\u00e1s, tenida en cuenta.<\/span><\/p><p><span style=\"font-weight: 400;\">\u00a0\u00a0\u00a0Todos estos aspectos que matizan la personalidad de un docente se transmiten, no siempre de manera consciente, en las clases. Cuidar y cultivar nuestra propia humanidad, entonces, ser\u00eda la clave para educar a buenas personas, con actos nobles que la sociedad siempre espera.<br \/><br \/><strong><span style=\"color: #993300;\">Trabajo de: <span style=\"color: #000000;\">Donatella Torres Britos<\/span><\/span><\/strong><\/span><\/p><p><b>BIBLIOGRAF\u00cdA<\/b><\/p><ul><li style=\"font-weight: 400;\" aria-level=\"1\"><span style=\"font-weight: 400;\">Alliaud, A., Antello, E. (2011): Los gajes del oficio: ense\u00f1anza, pedagog\u00eda y formaci\u00f3n. Nueva Carrera Docente.<\/span><\/li><li style=\"font-weight: 400;\" aria-level=\"1\"><span style=\"font-weight: 400;\">Maurin, S. (2020): Educaci\u00f3n emocional y social en la escuela: Un nuevo paradigma, estrategias y experiencias. Bonum Editorial.<\/span><\/li><li style=\"font-weight: 400;\" aria-level=\"1\"><span style=\"font-weight: 400;\">Nietzche, F. (2001): Schopenhauer como educador. Madrid, Espa\u00f1a. Biblioteca Nueva.<\/span><\/li><\/ul>\t\t\t\t\t\t\t\t<\/div>\n\t\t\t\t<\/div>\n\t\t\t\t\t<\/div>\n\t\t<\/div>\n\t\t\t\t<div class=\"elementor-column elementor-col-33 elementor-top-column elementor-element elementor-element-fec0a73\" data-id=\"fec0a73\" data-element_type=\"column\" data-e-type=\"column\">\n\t\t\t<div class=\"elementor-widget-wrap elementor-element-populated\">\n\t\t\t\t\t\t<div class=\"elementor-element elementor-element-4049a9c elementor-widget elementor-widget-image\" data-id=\"4049a9c\" data-element_type=\"widget\" data-e-type=\"widget\" data-widget_type=\"image.default\">\n\t\t\t\t<div class=\"elementor-widget-container\">\n\t\t\t\t\t\t\t\t\t\t\t\t\t\t\t<img decoding=\"async\" width=\"436\" height=\"577\" src=\"https:\/\/sanjosei27.edu.ar\/wp-content\/uploads\/2021\/08\/fotos_1_futuroprofesionales.jpg\" class=\"attachment-large size-large wp-image-1438\" alt=\"\" \/>\t\t\t\t\t\t\t\t\t\t\t\t\t\t\t<\/div>\n\t\t\t\t<\/div>\n\t\t\t\t<div class=\"elementor-element elementor-element-b7cbdf3 elementor-widget elementor-widget-image\" data-id=\"b7cbdf3\" data-element_type=\"widget\" data-e-type=\"widget\" data-widget_type=\"image.default\">\n\t\t\t\t<div class=\"elementor-widget-container\">\n\t\t\t\t\t\t\t\t\t\t\t\t\t\t\t<img decoding=\"async\" width=\"436\" height=\"577\" src=\"https:\/\/sanjosei27.edu.ar\/wp-content\/uploads\/2021\/08\/fotos_2_futuroprofesionales.jpg\" class=\"attachment-large size-large wp-image-1439\" alt=\"\" \/>\t\t\t\t\t\t\t\t\t\t\t\t\t\t\t<\/div>\n\t\t\t\t<\/div>\n\t\t\t\t\t<\/div>\n\t\t<\/div>\n\t\t\t\t\t<\/div>\n\t\t<\/section>\n\t\t\t\t<section class=\"elementor-section elementor-top-section elementor-element elementor-element-0f07ee8 elementor-section-boxed elementor-section-height-default elementor-section-height-default\" data-id=\"0f07ee8\" data-element_type=\"section\" data-e-type=\"section\">\n\t\t\t\t\t\t<div class=\"elementor-container elementor-column-gap-default\">\n\t\t\t\t\t<div class=\"elementor-column elementor-col-100 elementor-top-column elementor-element elementor-element-3f6381f\" data-id=\"3f6381f\" data-element_type=\"column\" data-e-type=\"column\">\n\t\t\t<div class=\"elementor-widget-wrap elementor-element-populated\">\n\t\t\t\t\t\t<div class=\"elementor-element elementor-element-4cdffef e-grid-align-left elementor-shape-rounded elementor-grid-0 elementor-invisible elementor-widget elementor-widget-social-icons\" data-id=\"4cdffef\" data-element_type=\"widget\" data-e-type=\"widget\" data-settings=\"{&quot;_animation&quot;:&quot;fadeIn&quot;}\" data-widget_type=\"social-icons.default\">\n\t\t\t\t<div class=\"elementor-widget-container\">\n\t\t\t\t\t\t\t<div class=\"elementor-social-icons-wrapper elementor-grid\" role=\"list\">\n\t\t\t\t\t\t\t<span class=\"elementor-grid-item\" role=\"listitem\">\n\t\t\t\t\t<a class=\"elementor-icon elementor-social-icon elementor-social-icon-facebook elementor-animation-grow elementor-repeater-item-47dd1a6\" href=\"https:\/\/www.facebook.com\/instsanjosei27\" target=\"_blank\">\n\t\t\t\t\t\t<span class=\"elementor-screen-only\">Facebook<\/span>\n\t\t\t\t\t\t<i aria-hidden=\"true\" class=\"fab fa-facebook\"><\/i>\t\t\t\t\t<\/a>\n\t\t\t\t<\/span>\n\t\t\t\t\t\t\t<span class=\"elementor-grid-item\" role=\"listitem\">\n\t\t\t\t\t<a class=\"elementor-icon elementor-social-icon elementor-social-icon-instagram elementor-animation-grow elementor-repeater-item-8625171\" href=\"https:\/\/www.instagram.com\/instsanjose\/\" target=\"_blank\">\n\t\t\t\t\t\t<span class=\"elementor-screen-only\">Instagram<\/span>\n\t\t\t\t\t\t<i aria-hidden=\"true\" class=\"fab fa-instagram\"><\/i>\t\t\t\t\t<\/a>\n\t\t\t\t<\/span>\n\t\t\t\t\t<\/div>\n\t\t\t\t\t\t<\/div>\n\t\t\t\t<\/div>\n\t\t\t\t\t<\/div>\n\t\t<\/div>\n\t\t\t\t\t<\/div>\n\t\t<\/section>\n\t\t\t\t<section class=\"elementor-section elementor-top-section elementor-element elementor-element-447891c elementor-section-boxed elementor-section-height-default elementor-section-height-default\" data-id=\"447891c\" data-element_type=\"section\" data-e-type=\"section\">\n\t\t\t\t\t\t<div class=\"elementor-container elementor-column-gap-default\">\n\t\t\t\t\t<div class=\"elementor-column elementor-col-50 elementor-top-column elementor-element elementor-element-3c0c2f6\" data-id=\"3c0c2f6\" data-element_type=\"column\" data-e-type=\"column\">\n\t\t\t<div class=\"elementor-widget-wrap elementor-element-populated\">\n\t\t\t\t\t\t<div class=\"elementor-element elementor-element-474a032 elementor-widget elementor-widget-html\" data-id=\"474a032\" data-element_type=\"widget\" data-e-type=\"widget\" data-widget_type=\"html.default\">\n\t\t\t\t<div class=\"elementor-widget-container\">\n\t\t\t\t\t<input type=\"button\" onclick=\"history.back()\" name=\"volver atr\u00e1s\" value=\"volver \">\t\t\t\t<\/div>\n\t\t\t\t<\/div>\n\t\t\t\t\t<\/div>\n\t\t<\/div>\n\t\t\t\t<div class=\"elementor-column elementor-col-50 elementor-top-column elementor-element elementor-element-b5c5bd9\" data-id=\"b5c5bd9\" data-element_type=\"column\" data-e-type=\"column\">\n\t\t\t<div class=\"elementor-widget-wrap elementor-element-populated\">\n\t\t\t\t\t\t<div class=\"elementor-element elementor-element-40d8419 elementor-invisible elementor-widget elementor-widget-button\" data-id=\"40d8419\" data-element_type=\"widget\" data-e-type=\"widget\" data-settings=\"{&quot;_animation&quot;:&quot;fadeInRight&quot;}\" data-widget_type=\"button.default\">\n\t\t\t\t<div class=\"elementor-widget-container\">\n\t\t\t\t\t\t\t\t\t<div class=\"elementor-button-wrapper\">\n\t\t\t\t\t<a class=\"elementor-button elementor-button-link elementor-size-sm\" href=\"http:\/\/nuevaweb.sanjosei27.edu.ar\/?page_id=43\">\n\t\t\t\t\t\t<span class=\"elementor-button-content-wrapper\">\n\t\t\t\t\t\t\t\t\t<span class=\"elementor-button-text\">+ novedades<\/span>\n\t\t\t\t\t<\/span>\n\t\t\t\t\t<\/a>\n\t\t\t\t<\/div>\n\t\t\t\t\t\t\t\t<\/div>\n\t\t\t\t<\/div>\n\t\t\t\t\t<\/div>\n\t\t<\/div>\n\t\t\t\t\t<\/div>\n\t\t<\/section>\n\t\t\t\t<\/div>\n\t\t","protected":false},"excerpt":{"rendered":"<p>Una persona que se muestra humana, con desaciertos y todo, considero que es el mejor ejemplo a seguir.<\/p>\n","protected":false},"author":1,"featured_media":1428,"comment_status":"closed","ping_status":"closed","sticky":false,"template":"elementor_header_footer","format":"standard","meta":{"footnotes":""},"categories":[38],"tags":[45,41,99],"class_list":["post-1426","post","type-post","status-publish","format-standard","has-post-thumbnail","hentry","category-futuros-profesionales","tag-cuando-yo","tag-futuros-profesionales","tag-profesorado-de-lengua"],"_links":{"self":[{"href":"https:\/\/sanjosei27.edu.ar\/index.php?rest_route=\/wp\/v2\/posts\/1426","targetHints":{"allow":["GET"]}}],"collection":[{"href":"https:\/\/sanjosei27.edu.ar\/index.php?rest_route=\/wp\/v2\/posts"}],"about":[{"href":"https:\/\/sanjosei27.edu.ar\/index.php?rest_route=\/wp\/v2\/types\/post"}],"author":[{"embeddable":true,"href":"https:\/\/sanjosei27.edu.ar\/index.php?rest_route=\/wp\/v2\/users\/1"}],"replies":[{"embeddable":true,"href":"https:\/\/sanjosei27.edu.ar\/index.php?rest_route=%2Fwp%2Fv2%2Fcomments&post=1426"}],"version-history":[{"count":10,"href":"https:\/\/sanjosei27.edu.ar\/index.php?rest_route=\/wp\/v2\/posts\/1426\/revisions"}],"predecessor-version":[{"id":1446,"href":"https:\/\/sanjosei27.edu.ar\/index.php?rest_route=\/wp\/v2\/posts\/1426\/revisions\/1446"}],"wp:featuredmedia":[{"embeddable":true,"href":"https:\/\/sanjosei27.edu.ar\/index.php?rest_route=\/wp\/v2\/media\/1428"}],"wp:attachment":[{"href":"https:\/\/sanjosei27.edu.ar\/index.php?rest_route=%2Fwp%2Fv2%2Fmedia&parent=1426"}],"wp:term":[{"taxonomy":"category","embeddable":true,"href":"https:\/\/sanjosei27.edu.ar\/index.php?rest_route=%2Fwp%2Fv2%2Fcategories&post=1426"},{"taxonomy":"post_tag","embeddable":true,"href":"https:\/\/sanjosei27.edu.ar\/index.php?rest_route=%2Fwp%2Fv2%2Ftags&post=1426"}],"curies":[{"name":"wp","href":"https:\/\/api.w.org\/{rel}","templated":true}]}}