{"id":1638,"date":"2021-11-30T10:41:15","date_gmt":"2021-11-30T13:41:15","guid":{"rendered":"https:\/\/sanjosei27.edu.ar\/?p=1638"},"modified":"2021-11-30T14:12:21","modified_gmt":"2021-11-30T17:12:21","slug":"misa-de-cierre-de-ciclo-y-acto-academico","status":"publish","type":"post","link":"https:\/\/sanjosei27.edu.ar\/?p=1638","title":{"rendered":"Misa de Cierre de Ciclo y Acto Acad\u00e9mico"},"content":{"rendered":"\t\t<div data-elementor-type=\"wp-post\" data-elementor-id=\"1638\" class=\"elementor elementor-1638\">\n\t\t\t\t\t\t<section class=\"elementor-section elementor-top-section elementor-element elementor-element-7dd628c elementor-section-boxed elementor-section-height-default elementor-section-height-default\" data-id=\"7dd628c\" data-element_type=\"section\" data-e-type=\"section\">\n\t\t\t\t\t\t<div class=\"elementor-container elementor-column-gap-default\">\n\t\t\t\t\t<div class=\"elementor-column elementor-col-100 elementor-top-column elementor-element elementor-element-449e8b3\" data-id=\"449e8b3\" data-element_type=\"column\" data-e-type=\"column\">\n\t\t\t<div class=\"elementor-widget-wrap elementor-element-populated\">\n\t\t\t\t\t\t<div class=\"elementor-element elementor-element-c12b4be elementor-widget elementor-widget-spacer\" data-id=\"c12b4be\" data-element_type=\"widget\" data-e-type=\"widget\" data-widget_type=\"spacer.default\">\n\t\t\t\t<div class=\"elementor-widget-container\">\n\t\t\t\t\t\t\t<div class=\"elementor-spacer\">\n\t\t\t<div class=\"elementor-spacer-inner\"><\/div>\n\t\t<\/div>\n\t\t\t\t\t\t<\/div>\n\t\t\t\t<\/div>\n\t\t\t\t\t<\/div>\n\t\t<\/div>\n\t\t\t\t\t<\/div>\n\t\t<\/section>\n\t\t\t\t<section class=\"elementor-section elementor-top-section elementor-element elementor-element-3940b39 elementor-section-boxed elementor-section-height-default elementor-section-height-default\" data-id=\"3940b39\" data-element_type=\"section\" data-e-type=\"section\">\n\t\t\t\t\t\t<div class=\"elementor-container elementor-column-gap-default\">\n\t\t\t\t\t<div class=\"elementor-column elementor-col-100 elementor-top-column elementor-element elementor-element-0ddd008\" data-id=\"0ddd008\" data-element_type=\"column\" data-e-type=\"column\">\n\t\t\t<div class=\"elementor-widget-wrap elementor-element-populated\">\n\t\t\t\t\t\t<div class=\"elementor-element elementor-element-bb78c80 elementor-widget elementor-widget-spacer\" data-id=\"bb78c80\" data-element_type=\"widget\" data-e-type=\"widget\" data-widget_type=\"spacer.default\">\n\t\t\t\t<div class=\"elementor-widget-container\">\n\t\t\t\t\t\t\t<div class=\"elementor-spacer\">\n\t\t\t<div class=\"elementor-spacer-inner\"><\/div>\n\t\t<\/div>\n\t\t\t\t\t\t<\/div>\n\t\t\t\t<\/div>\n\t\t\t\t\t<\/div>\n\t\t<\/div>\n\t\t\t\t\t<\/div>\n\t\t<\/section>\n\t\t\t\t<section class=\"elementor-section elementor-top-section elementor-element elementor-element-13b23a8 elementor-section-boxed elementor-section-height-default elementor-section-height-default\" data-id=\"13b23a8\" data-element_type=\"section\" data-e-type=\"section\">\n\t\t\t\t\t\t<div class=\"elementor-container elementor-column-gap-default\">\n\t\t\t\t\t<div class=\"elementor-column elementor-col-100 elementor-top-column elementor-element elementor-element-6e2826d\" data-id=\"6e2826d\" data-element_type=\"column\" data-e-type=\"column\">\n\t\t\t<div class=\"elementor-widget-wrap elementor-element-populated\">\n\t\t\t\t\t\t<div class=\"elementor-element elementor-element-9232aab elementor-widget elementor-widget-heading\" data-id=\"9232aab\" data-element_type=\"widget\" data-e-type=\"widget\" data-widget_type=\"heading.default\">\n\t\t\t\t<div class=\"elementor-widget-container\">\n\t\t\t\t\t<h6 class=\"elementor-heading-title elementor-size-default\">NOVEDADES <\/h6>\t\t\t\t<\/div>\n\t\t\t\t<\/div>\n\t\t\t\t\t<\/div>\n\t\t<\/div>\n\t\t\t\t\t<\/div>\n\t\t<\/section>\n\t\t\t\t<section class=\"elementor-section elementor-top-section elementor-element elementor-element-d8577fa elementor-section-boxed elementor-section-height-default elementor-section-height-default\" data-id=\"d8577fa\" data-element_type=\"section\" data-e-type=\"section\">\n\t\t\t\t\t\t<div class=\"elementor-container elementor-column-gap-default\">\n\t\t\t\t\t<div class=\"elementor-column elementor-col-100 elementor-top-column elementor-element elementor-element-da8c535\" data-id=\"da8c535\" data-element_type=\"column\" data-e-type=\"column\">\n\t\t\t<div class=\"elementor-widget-wrap elementor-element-populated\">\n\t\t\t\t\t\t<div class=\"elementor-element elementor-element-39d174e elementor-widget elementor-widget-heading\" data-id=\"39d174e\" data-element_type=\"widget\" data-e-type=\"widget\" data-widget_type=\"heading.default\">\n\t\t\t\t<div class=\"elementor-widget-container\">\n\t\t\t\t\t<h2 class=\"elementor-heading-title elementor-size-default\">Misa de Cierre de Ciclo y Acto Acad\u00e9mico<\/h2>\t\t\t\t<\/div>\n\t\t\t\t<\/div>\n\t\t\t\t\t<\/div>\n\t\t<\/div>\n\t\t\t\t\t<\/div>\n\t\t<\/section>\n\t\t\t\t<section class=\"elementor-section elementor-top-section elementor-element elementor-element-cb39e3b elementor-section-boxed elementor-section-height-default elementor-section-height-default\" data-id=\"cb39e3b\" data-element_type=\"section\" data-e-type=\"section\">\n\t\t\t\t\t\t<div class=\"elementor-container elementor-column-gap-default\">\n\t\t\t\t\t<div class=\"elementor-column elementor-col-100 elementor-top-column elementor-element elementor-element-ac8230b\" data-id=\"ac8230b\" data-element_type=\"column\" data-e-type=\"column\">\n\t\t\t<div class=\"elementor-widget-wrap elementor-element-populated\">\n\t\t\t\t\t\t<div class=\"elementor-element elementor-element-e39efdb elementor-widget elementor-widget-text-editor\" data-id=\"e39efdb\" data-element_type=\"widget\" data-e-type=\"widget\" data-widget_type=\"text-editor.default\">\n\t\t\t\t<div class=\"elementor-widget-container\">\n\t\t\t\t\t\t\t\t\t<p>Con gran emoci\u00f3n y mucha alegr\u00eda, el jueves 25 de noviembre celebramos el cierre del Ciclo Lectivo y la culminaci\u00f3n de los estudios superiores de un grupo de 39 estudiantes de este instituto.<\/p><p>Compartimos un momento realmente emotivo, luego del periodo de pandemia que nos desafi\u00f3 a trabajar en nuevos escenarios y que golpe\u00f3 a tantas familias de esta comunidad.<\/p><p>Por eso, \u00e9ste no fue un acto m\u00e1s. Fue una ceremonia para recordar, para reconocer y para celebrar.<\/p><p>Presidi\u00f3 la Santa Misa el padre Jos\u00e9 Adolfo Larregain, obispo auxiliar de Corrientes, junto con el padre Ariel Weimann, vicario episcopal para la Educaci\u00f3n Cat\u00f3lica.<\/p><p>Durante el acto, recibieron sus diplomas de finalizaci\u00f3n de estudios egresados del Profesorado de Educaci\u00f3n Secundaria de Lengua y Literatura, Profesorado de Educaci\u00f3n Secundaria de Ciencias de la Administraci\u00f3n, Profesorado de Educaci\u00f3n Secundaria de Inform\u00e1tica, Tecnicatura Superior en Desarrollo de Software y de la Tecnicatura Superior en Infraestructura Inform\u00e1tica.<\/p><p><span style=\"color: #ff6600;\"><strong>Que San Jos\u00e9, patrono de nuestra casa, los ilumine y gu\u00ede siempre para que sean sembradores de nuevas esperanzas, con el deseo de construir un mundo mejor.<\/strong><\/span><\/p><p><em><span style=\"color: #800000;\">\u00a1Felicidades a todos!<\/span><\/em><\/p><p>\u00a0<\/p><p>Nuestros flamantes graduados son:<\/p>\t\t\t\t\t\t\t\t<\/div>\n\t\t\t\t<\/div>\n\t\t\t\t<section class=\"elementor-section elementor-inner-section elementor-element elementor-element-8b3321b elementor-section-boxed elementor-section-height-default elementor-section-height-default\" data-id=\"8b3321b\" data-element_type=\"section\" data-e-type=\"section\">\n\t\t\t\t\t\t<div class=\"elementor-container elementor-column-gap-default\">\n\t\t\t\t\t<div class=\"elementor-column elementor-col-50 elementor-inner-column elementor-element elementor-element-9845577\" data-id=\"9845577\" data-element_type=\"column\" data-e-type=\"column\">\n\t\t\t<div class=\"elementor-widget-wrap elementor-element-populated\">\n\t\t\t\t\t\t<div class=\"elementor-element elementor-element-ad755fd elementor-widget elementor-widget-heading\" data-id=\"ad755fd\" data-element_type=\"widget\" data-e-type=\"widget\" data-widget_type=\"heading.default\">\n\t\t\t\t<div class=\"elementor-widget-container\">\n\t\t\t\t\t<h2 class=\"elementor-heading-title elementor-size-default\">2020<\/h2>\t\t\t\t<\/div>\n\t\t\t\t<\/div>\n\t\t\t\t<div class=\"elementor-element elementor-element-aacc20e elementor-widget elementor-widget-heading\" data-id=\"aacc20e\" data-element_type=\"widget\" data-e-type=\"widget\" data-widget_type=\"heading.default\">\n\t\t\t\t<div class=\"elementor-widget-container\">\n\t\t\t\t\t<h6 class=\"elementor-heading-title elementor-size-default\">Tecnicatura Superior en Infraestructura Inform\u00e1tica<\/h6>\t\t\t\t<\/div>\n\t\t\t\t<\/div>\n\t\t\t\t<div class=\"elementor-element elementor-element-7d672a6 elementor-widget elementor-widget-text-editor\" data-id=\"7d672a6\" data-element_type=\"widget\" data-e-type=\"widget\" data-widget_type=\"text-editor.default\">\n\t\t\t\t<div class=\"elementor-widget-container\">\n\t\t\t\t\t\t\t\t\tACEVAL, Miguel Mart\u00edn <\/br>\nAGUIRRE, Fernando Augusto<\/br>\nALFONZO, Mar\u00eda de los Milagros<\/br>\nGONZALEZ ESCUBILLA, Hugo Norberto A.<\/br>\nJARA, H\u00e9ctor Daniel<\/br>\nNAVIAS, Juli\u00e1n Mauricio<\/br>\nSHPOLIANSKY, N\u00e9stor Maximiliano<\/br>\nZARATE, Juan Sebasti\u00e1n<\/br>\t\t\t\t\t\t\t\t<\/div>\n\t\t\t\t<\/div>\n\t\t\t\t<div class=\"elementor-element elementor-element-f985cc8 elementor-widget elementor-widget-heading\" data-id=\"f985cc8\" data-element_type=\"widget\" data-e-type=\"widget\" data-widget_type=\"heading.default\">\n\t\t\t\t<div class=\"elementor-widget-container\">\n\t\t\t\t\t<h6 class=\"elementor-heading-title elementor-size-default\">Tecnicatura Superior en Desarrollo de Software<\/h6>\t\t\t\t<\/div>\n\t\t\t\t<\/div>\n\t\t\t\t<div class=\"elementor-element elementor-element-58b2302 elementor-widget elementor-widget-text-editor\" data-id=\"58b2302\" data-element_type=\"widget\" data-e-type=\"widget\" data-widget_type=\"text-editor.default\">\n\t\t\t\t<div class=\"elementor-widget-container\">\n\t\t\t\t\t\t\t\t\tACEVAL, Miguel Mart\u00edn <\/br>\nAGUIRRE, Fernando Augusto<\/br>\nALFONZO, Mar\u00eda de los Milagros<\/br>\nGONZALEZ ESCUBILLA, Hugo Norberto A.<\/br>\nJARA, H\u00e9ctor Daniel<\/br>\nNAVIAS, Juli\u00e1n Mauricio<\/br>\nSHPOLIANSKY, N\u00e9stor Maximiliano<\/br>\nZARATE, Juan Sebasti\u00e1n<\/br>\t\t\t\t\t\t\t\t<\/div>\n\t\t\t\t<\/div>\n\t\t\t\t<div class=\"elementor-element elementor-element-1bf15d8 elementor-widget elementor-widget-heading\" data-id=\"1bf15d8\" data-element_type=\"widget\" data-e-type=\"widget\" data-widget_type=\"heading.default\">\n\t\t\t\t<div class=\"elementor-widget-container\">\n\t\t\t\t\t<h6 class=\"elementor-heading-title elementor-size-default\">Profesorado de Educaci\u00f3n Secundaria en Ciencias de la Administraci\u00f3n  <\/h6>\t\t\t\t<\/div>\n\t\t\t\t<\/div>\n\t\t\t\t<div class=\"elementor-element elementor-element-cef0910 elementor-widget elementor-widget-text-editor\" data-id=\"cef0910\" data-element_type=\"widget\" data-e-type=\"widget\" data-widget_type=\"text-editor.default\">\n\t\t\t\t<div class=\"elementor-widget-container\">\n\t\t\t\t\t\t\t\t\tAR\u00c1GOR, Enzo Agust\u00edn <\/br>\nGONZ\u00c1LEZ AR\u00c1GOR, Carlos Omar<\/br>\nRAMIREZ, Ram\u00f3n Mat\u00edas<\/br>\n\t\t\t\t\t\t\t\t<\/div>\n\t\t\t\t<\/div>\n\t\t\t\t<div class=\"elementor-element elementor-element-3e40354 elementor-widget elementor-widget-heading\" data-id=\"3e40354\" data-element_type=\"widget\" data-e-type=\"widget\" data-widget_type=\"heading.default\">\n\t\t\t\t<div class=\"elementor-widget-container\">\n\t\t\t\t\t<h6 class=\"elementor-heading-title elementor-size-default\">Profesorado de Educaci\u00f3n Secundaria en Inform\u00e1tica<\/h6>\t\t\t\t<\/div>\n\t\t\t\t<\/div>\n\t\t\t\t<div class=\"elementor-element elementor-element-c8126af elementor-widget elementor-widget-text-editor\" data-id=\"c8126af\" data-element_type=\"widget\" data-e-type=\"widget\" data-widget_type=\"text-editor.default\">\n\t\t\t\t<div class=\"elementor-widget-container\">\n\t\t\t\t\t\t\t\t\tACEVEDO, Enzo Ricardo<\/br>\nACU\u00d1A, Juan Daniel<\/br>\nCARRIL, Cinthia Yanina<\/br>\nFIGUEROA, Franco Gabriel<\/br>\nPALACIO ROMERO, Carlos Daniel<\/br>\nRIQUELME, Silvia In\u00e9s<\/br>\nVALLEJOS, Celeste Amancay<\/br>\nVILLALBA, Mar\u00eda Victoria<\/br>\n\t\t\t\t\t\t\t\t<\/div>\n\t\t\t\t<\/div>\n\t\t\t\t<div class=\"elementor-element elementor-element-70e92fa elementor-widget elementor-widget-heading\" data-id=\"70e92fa\" data-element_type=\"widget\" data-e-type=\"widget\" data-widget_type=\"heading.default\">\n\t\t\t\t<div class=\"elementor-widget-container\">\n\t\t\t\t\t<h6 class=\"elementor-heading-title elementor-size-default\">Profesorado de Educaci\u00f3n Secundaria en Lengua y Literatura<\/h6>\t\t\t\t<\/div>\n\t\t\t\t<\/div>\n\t\t\t\t<div class=\"elementor-element elementor-element-ddfdaaf elementor-widget elementor-widget-text-editor\" data-id=\"ddfdaaf\" data-element_type=\"widget\" data-e-type=\"widget\" data-widget_type=\"text-editor.default\">\n\t\t\t\t<div class=\"elementor-widget-container\">\n\t\t\t\t\t\t\t\t\tBORGET, Roc\u00edo del Mar<\/br>\nGUTIERREZ, Daniel Alberto<\/br>\nORTIZ, Ver\u00f3nica Araceli<\/br>\nVALIENTE, Ariana Judith<\/br>\n\t\t\t\t\t\t\t\t<\/div>\n\t\t\t\t<\/div>\n\t\t\t\t\t<\/div>\n\t\t<\/div>\n\t\t\t\t<div class=\"elementor-column elementor-col-50 elementor-inner-column elementor-element elementor-element-dff0eb9\" data-id=\"dff0eb9\" data-element_type=\"column\" data-e-type=\"column\">\n\t\t\t<div class=\"elementor-widget-wrap elementor-element-populated\">\n\t\t\t\t\t\t<div class=\"elementor-element elementor-element-b12cfb8 elementor-widget elementor-widget-heading\" data-id=\"b12cfb8\" data-element_type=\"widget\" data-e-type=\"widget\" data-widget_type=\"heading.default\">\n\t\t\t\t<div class=\"elementor-widget-container\">\n\t\t\t\t\t<h2 class=\"elementor-heading-title elementor-size-default\">2021<\/h2>\t\t\t\t<\/div>\n\t\t\t\t<\/div>\n\t\t\t\t<div class=\"elementor-element elementor-element-ff5317c elementor-widget elementor-widget-heading\" data-id=\"ff5317c\" data-element_type=\"widget\" data-e-type=\"widget\" data-widget_type=\"heading.default\">\n\t\t\t\t<div class=\"elementor-widget-container\">\n\t\t\t\t\t<h6 class=\"elementor-heading-title elementor-size-default\">Tecnicatura Superior en Infraestructura Inform\u00e1tica<\/h6>\t\t\t\t<\/div>\n\t\t\t\t<\/div>\n\t\t\t\t<div class=\"elementor-element elementor-element-10fb99a elementor-widget elementor-widget-text-editor\" data-id=\"10fb99a\" data-element_type=\"widget\" data-e-type=\"widget\" data-widget_type=\"text-editor.default\">\n\t\t\t\t<div class=\"elementor-widget-container\">\n\t\t\t\t\t\t\t\t\tAGUIRRE, Jorge David<\/br>\nFARAONE, Marcelo<\/br>\nGALANTE, Manuel Esteban<\/br> \nIGLESIAS, Javier Ignacio<\/br> \nQUERENCIO, Sof\u00eda Bricia<\/br> \nSANCHEZ, Marcelo Iv\u00e1n Horacio<\/br> \nVIGO, Fernando Rafael<\/br>\n\t\t\t\t\t\t\t\t<\/div>\n\t\t\t\t<\/div>\n\t\t\t\t<div class=\"elementor-element elementor-element-4f7f74b elementor-widget elementor-widget-heading\" data-id=\"4f7f74b\" data-element_type=\"widget\" data-e-type=\"widget\" data-widget_type=\"heading.default\">\n\t\t\t\t<div class=\"elementor-widget-container\">\n\t\t\t\t\t<h6 class=\"elementor-heading-title elementor-size-default\">Tecnicatura Superior en Desarrollo de Software<\/h6>\t\t\t\t<\/div>\n\t\t\t\t<\/div>\n\t\t\t\t<div class=\"elementor-element elementor-element-96fc13e elementor-widget elementor-widget-text-editor\" data-id=\"96fc13e\" data-element_type=\"widget\" data-e-type=\"widget\" data-widget_type=\"text-editor.default\">\n\t\t\t\t<div class=\"elementor-widget-container\">\n\t\t\t\t\t\t\t\t\t<p>AGUIRRE, Jorge David<br \/>FARAONE, Marcelo<br \/>GALANTE, Manuel Esteban<br \/>IGLESIAS, Javier Ignacio<br \/>SANCHEZ, Marcelo Iv\u00e1n Horacio<br \/>VIGO, Fernando Rafael<\/p>\t\t\t\t\t\t\t\t<\/div>\n\t\t\t\t<\/div>\n\t\t\t\t<div class=\"elementor-element elementor-element-e103255 elementor-widget elementor-widget-heading\" data-id=\"e103255\" data-element_type=\"widget\" data-e-type=\"widget\" data-widget_type=\"heading.default\">\n\t\t\t\t<div class=\"elementor-widget-container\">\n\t\t\t\t\t<h6 class=\"elementor-heading-title elementor-size-default\">Profesorado de Educaci\u00f3n Secundaria en Lengua y Literatura<\/h6>\t\t\t\t<\/div>\n\t\t\t\t<\/div>\n\t\t\t\t<div class=\"elementor-element elementor-element-6b24fc4 elementor-widget elementor-widget-text-editor\" data-id=\"6b24fc4\" data-element_type=\"widget\" data-e-type=\"widget\" data-widget_type=\"text-editor.default\">\n\t\t\t\t<div class=\"elementor-widget-container\">\n\t\t\t\t\t\t\t\t\tCORREAS, Sandra Mercedes<\/br>\nDIAZ, Natalia Romina<\/br>\nECHEVERR\u00cdA, Maura Edelvais<\/br>\nGAUTO, Mariana Celeste<\/br>\nLEZCANO GALANTER, Aixarel Francisco<\/br>\nPI\u00d1EYRO, Ana Laura<\/br>\nSANDEZ, Elva Mariana<\/br>\nSOSA, Norma Liliana<\/br>\n\t\t\t\t\t\t\t\t<\/div>\n\t\t\t\t<\/div>\n\t\t\t\t\t<\/div>\n\t\t<\/div>\n\t\t\t\t\t<\/div>\n\t\t<\/section>\n\t\t\t\t\t<\/div>\n\t\t<\/div>\n\t\t\t\t\t<\/div>\n\t\t<\/section>\n\t\t\t\t<section class=\"elementor-section elementor-top-section elementor-element elementor-element-c4707c3 elementor-section-boxed elementor-section-height-default elementor-section-height-default\" data-id=\"c4707c3\" data-element_type=\"section\" data-e-type=\"section\">\n\t\t\t\t\t\t<div class=\"elementor-container elementor-column-gap-default\">\n\t\t\t\t\t<div class=\"elementor-column elementor-col-100 elementor-top-column elementor-element elementor-element-a8aca54\" data-id=\"a8aca54\" data-element_type=\"column\" data-e-type=\"column\">\n\t\t\t<div class=\"elementor-widget-wrap elementor-element-populated\">\n\t\t\t\t\t\t<div class=\"elementor-element elementor-element-a0ff56b elementor-widget elementor-widget-image\" data-id=\"a0ff56b\" data-element_type=\"widget\" data-e-type=\"widget\" data-widget_type=\"image.default\">\n\t\t\t\t<div class=\"elementor-widget-container\">\n\t\t\t\t\t\t\t\t\t\t\t\t\t\t\t<img fetchpriority=\"high\" decoding=\"async\" width=\"768\" height=\"576\" src=\"https:\/\/sanjosei27.edu.ar\/wp-content\/uploads\/2021\/11\/DSC03071_copia.jpg\" class=\"attachment-medium_large size-medium_large wp-image-1639\" alt=\"\" \/>\t\t\t\t\t\t\t\t\t\t\t\t\t\t\t<\/div>\n\t\t\t\t<\/div>\n\t\t\t\t\t<\/div>\n\t\t<\/div>\n\t\t\t\t\t<\/div>\n\t\t<\/section>\n\t\t\t\t<section class=\"elementor-section elementor-top-section elementor-element elementor-element-0f07ee8 elementor-section-boxed elementor-section-height-default elementor-section-height-default\" data-id=\"0f07ee8\" data-element_type=\"section\" data-e-type=\"section\">\n\t\t\t\t\t\t<div class=\"elementor-container elementor-column-gap-default\">\n\t\t\t\t\t<div class=\"elementor-column elementor-col-100 elementor-top-column elementor-element elementor-element-3f6381f\" data-id=\"3f6381f\" data-element_type=\"column\" data-e-type=\"column\">\n\t\t\t<div class=\"elementor-widget-wrap elementor-element-populated\">\n\t\t\t\t\t\t<div class=\"elementor-element elementor-element-4cdffef e-grid-align-left elementor-shape-rounded elementor-grid-0 elementor-invisible elementor-widget elementor-widget-social-icons\" data-id=\"4cdffef\" data-element_type=\"widget\" data-e-type=\"widget\" data-settings=\"{&quot;_animation&quot;:&quot;fadeIn&quot;}\" data-widget_type=\"social-icons.default\">\n\t\t\t\t<div class=\"elementor-widget-container\">\n\t\t\t\t\t\t\t<div class=\"elementor-social-icons-wrapper elementor-grid\" role=\"list\">\n\t\t\t\t\t\t\t<span class=\"elementor-grid-item\" role=\"listitem\">\n\t\t\t\t\t<a class=\"elementor-icon elementor-social-icon elementor-social-icon-facebook elementor-animation-grow elementor-repeater-item-47dd1a6\" href=\"https:\/\/www.facebook.com\/instsanjosei27\" target=\"_blank\">\n\t\t\t\t\t\t<span class=\"elementor-screen-only\">Facebook<\/span>\n\t\t\t\t\t\t<i aria-hidden=\"true\" class=\"fab fa-facebook\"><\/i>\t\t\t\t\t<\/a>\n\t\t\t\t<\/span>\n\t\t\t\t\t\t\t<span class=\"elementor-grid-item\" role=\"listitem\">\n\t\t\t\t\t<a class=\"elementor-icon elementor-social-icon elementor-social-icon-instagram elementor-animation-grow elementor-repeater-item-8625171\" href=\"https:\/\/www.instagram.com\/instsanjose\/\" target=\"_blank\">\n\t\t\t\t\t\t<span class=\"elementor-screen-only\">Instagram<\/span>\n\t\t\t\t\t\t<i aria-hidden=\"true\" class=\"fab fa-instagram\"><\/i>\t\t\t\t\t<\/a>\n\t\t\t\t<\/span>\n\t\t\t\t\t<\/div>\n\t\t\t\t\t\t<\/div>\n\t\t\t\t<\/div>\n\t\t\t\t\t<\/div>\n\t\t<\/div>\n\t\t\t\t\t<\/div>\n\t\t<\/section>\n\t\t\t\t<section class=\"elementor-section elementor-top-section elementor-element elementor-element-6c17913 elementor-section-boxed elementor-section-height-default elementor-section-height-default\" data-id=\"6c17913\" data-element_type=\"section\" data-e-type=\"section\">\n\t\t\t\t\t\t<div class=\"elementor-container elementor-column-gap-default\">\n\t\t\t\t\t<div class=\"elementor-column elementor-col-50 elementor-top-column elementor-element elementor-element-c2eb0c4\" data-id=\"c2eb0c4\" data-element_type=\"column\" data-e-type=\"column\">\n\t\t\t<div class=\"elementor-widget-wrap elementor-element-populated\">\n\t\t\t\t\t\t<div class=\"elementor-element elementor-element-8d24909 elementor-widget elementor-widget-html\" data-id=\"8d24909\" data-element_type=\"widget\" data-e-type=\"widget\" data-widget_type=\"html.default\">\n\t\t\t\t<div class=\"elementor-widget-container\">\n\t\t\t\t\t<input type=\"button\" onclick=\"history.back()\" name=\"volver atr\u00e1s\" value=\"volver \">\t\t\t\t<\/div>\n\t\t\t\t<\/div>\n\t\t\t\t\t<\/div>\n\t\t<\/div>\n\t\t\t\t<div class=\"elementor-column elementor-col-50 elementor-top-column elementor-element elementor-element-747f6db\" data-id=\"747f6db\" data-element_type=\"column\" data-e-type=\"column\">\n\t\t\t<div class=\"elementor-widget-wrap elementor-element-populated\">\n\t\t\t\t\t\t<div class=\"elementor-element elementor-element-5dbcc0d elementor-invisible elementor-widget elementor-widget-button\" data-id=\"5dbcc0d\" data-element_type=\"widget\" data-e-type=\"widget\" data-settings=\"{&quot;_animation&quot;:&quot;fadeInRight&quot;}\" data-widget_type=\"button.default\">\n\t\t\t\t<div class=\"elementor-widget-container\">\n\t\t\t\t\t\t\t\t\t<div class=\"elementor-button-wrapper\">\n\t\t\t\t\t<a class=\"elementor-button elementor-button-link elementor-size-sm\" href=\"http:\/\/nuevaweb.sanjosei27.edu.ar\/?page_id=43\">\n\t\t\t\t\t\t<span class=\"elementor-button-content-wrapper\">\n\t\t\t\t\t\t\t\t\t<span class=\"elementor-button-text\">+ novedades<\/span>\n\t\t\t\t\t<\/span>\n\t\t\t\t\t<\/a>\n\t\t\t\t<\/div>\n\t\t\t\t\t\t\t\t<\/div>\n\t\t\t\t<\/div>\n\t\t\t\t\t<\/div>\n\t\t<\/div>\n\t\t\t\t\t<\/div>\n\t\t<\/section>\n\t\t\t\t<\/div>\n\t\t","protected":false},"excerpt":{"rendered":"<p>Con gran emoci\u00f3n y mucha alegr\u00eda, el jueves 25 de noviembre celebramos el cierre del Ciclo Lectivo <\/p>\n","protected":false},"author":1,"featured_media":1645,"comment_status":"closed","ping_status":"closed","sticky":false,"template":"elementor_header_footer","format":"standard","meta":{"footnotes":""},"categories":[11],"tags":[65,109,54],"class_list":["post-1638","post","type-post","status-publish","format-standard","has-post-thumbnail","hentry","category-novedades","tag-65","tag-acto-academico","tag-misa"],"_links":{"self":[{"href":"https:\/\/sanjosei27.edu.ar\/index.php?rest_route=\/wp\/v2\/posts\/1638","targetHints":{"allow":["GET"]}}],"collection":[{"href":"https:\/\/sanjosei27.edu.ar\/index.php?rest_route=\/wp\/v2\/posts"}],"about":[{"href":"https:\/\/sanjosei27.edu.ar\/index.php?rest_route=\/wp\/v2\/types\/post"}],"author":[{"embeddable":true,"href":"https:\/\/sanjosei27.edu.ar\/index.php?rest_route=\/wp\/v2\/users\/1"}],"replies":[{"embeddable":true,"href":"https:\/\/sanjosei27.edu.ar\/index.php?rest_route=%2Fwp%2Fv2%2Fcomments&post=1638"}],"version-history":[{"count":29,"href":"https:\/\/sanjosei27.edu.ar\/index.php?rest_route=\/wp\/v2\/posts\/1638\/revisions"}],"predecessor-version":[{"id":1671,"href":"https:\/\/sanjosei27.edu.ar\/index.php?rest_route=\/wp\/v2\/posts\/1638\/revisions\/1671"}],"wp:featuredmedia":[{"embeddable":true,"href":"https:\/\/sanjosei27.edu.ar\/index.php?rest_route=\/wp\/v2\/media\/1645"}],"wp:attachment":[{"href":"https:\/\/sanjosei27.edu.ar\/index.php?rest_route=%2Fwp%2Fv2%2Fmedia&parent=1638"}],"wp:term":[{"taxonomy":"category","embeddable":true,"href":"https:\/\/sanjosei27.edu.ar\/index.php?rest_route=%2Fwp%2Fv2%2Fcategories&post=1638"},{"taxonomy":"post_tag","embeddable":true,"href":"https:\/\/sanjosei27.edu.ar\/index.php?rest_route=%2Fwp%2Fv2%2Ftags&post=1638"}],"curies":[{"name":"wp","href":"https:\/\/api.w.org\/{rel}","templated":true}]}}