{"id":1907,"date":"2022-09-06T18:56:52","date_gmt":"2022-09-06T21:56:52","guid":{"rendered":"https:\/\/sanjosei27.edu.ar\/?p=1907"},"modified":"2022-09-06T19:02:32","modified_gmt":"2022-09-06T22:02:32","slug":"proyectos-de-capacitacion-para-docentes","status":"publish","type":"post","link":"https:\/\/sanjosei27.edu.ar\/?p=1907","title":{"rendered":"Proyectos de capacitaci\u00f3n para docentes"},"content":{"rendered":"\t\t<div data-elementor-type=\"wp-post\" data-elementor-id=\"1907\" class=\"elementor elementor-1907\">\n\t\t\t\t\t\t<section class=\"elementor-section elementor-top-section elementor-element elementor-element-7dd628c elementor-section-boxed elementor-section-height-default elementor-section-height-default\" data-id=\"7dd628c\" data-element_type=\"section\" data-e-type=\"section\">\n\t\t\t\t\t\t<div class=\"elementor-container elementor-column-gap-default\">\n\t\t\t\t\t<div class=\"elementor-column elementor-col-100 elementor-top-column elementor-element elementor-element-449e8b3\" data-id=\"449e8b3\" data-element_type=\"column\" data-e-type=\"column\">\n\t\t\t<div class=\"elementor-widget-wrap elementor-element-populated\">\n\t\t\t\t\t\t<div class=\"elementor-element elementor-element-c12b4be elementor-widget elementor-widget-spacer\" data-id=\"c12b4be\" data-element_type=\"widget\" data-e-type=\"widget\" data-widget_type=\"spacer.default\">\n\t\t\t\t<div class=\"elementor-widget-container\">\n\t\t\t\t\t\t\t<div class=\"elementor-spacer\">\n\t\t\t<div class=\"elementor-spacer-inner\"><\/div>\n\t\t<\/div>\n\t\t\t\t\t\t<\/div>\n\t\t\t\t<\/div>\n\t\t\t\t\t<\/div>\n\t\t<\/div>\n\t\t\t\t\t<\/div>\n\t\t<\/section>\n\t\t\t\t<section class=\"elementor-section elementor-top-section elementor-element elementor-element-3940b39 elementor-section-boxed elementor-section-height-default elementor-section-height-default\" data-id=\"3940b39\" data-element_type=\"section\" data-e-type=\"section\">\n\t\t\t\t\t\t<div class=\"elementor-container elementor-column-gap-default\">\n\t\t\t\t\t<div class=\"elementor-column elementor-col-100 elementor-top-column elementor-element elementor-element-0ddd008\" data-id=\"0ddd008\" data-element_type=\"column\" data-e-type=\"column\">\n\t\t\t<div class=\"elementor-widget-wrap elementor-element-populated\">\n\t\t\t\t\t\t<div class=\"elementor-element elementor-element-bb78c80 elementor-widget elementor-widget-spacer\" data-id=\"bb78c80\" data-element_type=\"widget\" data-e-type=\"widget\" data-widget_type=\"spacer.default\">\n\t\t\t\t<div class=\"elementor-widget-container\">\n\t\t\t\t\t\t\t<div class=\"elementor-spacer\">\n\t\t\t<div class=\"elementor-spacer-inner\"><\/div>\n\t\t<\/div>\n\t\t\t\t\t\t<\/div>\n\t\t\t\t<\/div>\n\t\t\t\t\t<\/div>\n\t\t<\/div>\n\t\t\t\t\t<\/div>\n\t\t<\/section>\n\t\t\t\t<section class=\"elementor-section elementor-top-section elementor-element elementor-element-13b23a8 elementor-section-boxed elementor-section-height-default elementor-section-height-default\" data-id=\"13b23a8\" data-element_type=\"section\" data-e-type=\"section\">\n\t\t\t\t\t\t<div class=\"elementor-container elementor-column-gap-default\">\n\t\t\t\t\t<div class=\"elementor-column elementor-col-100 elementor-top-column elementor-element elementor-element-6e2826d\" data-id=\"6e2826d\" data-element_type=\"column\" data-e-type=\"column\">\n\t\t\t<div class=\"elementor-widget-wrap elementor-element-populated\">\n\t\t\t\t\t\t<div class=\"elementor-element elementor-element-9232aab elementor-widget elementor-widget-heading\" data-id=\"9232aab\" data-element_type=\"widget\" data-e-type=\"widget\" data-widget_type=\"heading.default\">\n\t\t\t\t<div class=\"elementor-widget-container\">\n\t\t\t\t\t<h6 class=\"elementor-heading-title elementor-size-default\">NOVEDADES <\/h6>\t\t\t\t<\/div>\n\t\t\t\t<\/div>\n\t\t\t\t\t<\/div>\n\t\t<\/div>\n\t\t\t\t\t<\/div>\n\t\t<\/section>\n\t\t\t\t<section class=\"elementor-section elementor-top-section elementor-element elementor-element-9b854c1 elementor-section-boxed elementor-section-height-default elementor-section-height-default\" data-id=\"9b854c1\" data-element_type=\"section\" data-e-type=\"section\">\n\t\t\t\t\t\t<div class=\"elementor-container elementor-column-gap-default\">\n\t\t\t\t\t<div class=\"elementor-column elementor-col-100 elementor-top-column elementor-element elementor-element-36fc6e4\" data-id=\"36fc6e4\" data-element_type=\"column\" data-e-type=\"column\">\n\t\t\t<div class=\"elementor-widget-wrap elementor-element-populated\">\n\t\t\t\t\t\t<div class=\"elementor-element elementor-element-8b1a6c4 elementor-widget elementor-widget-heading\" data-id=\"8b1a6c4\" data-element_type=\"widget\" data-e-type=\"widget\" data-widget_type=\"heading.default\">\n\t\t\t\t<div class=\"elementor-widget-container\">\n\t\t\t\t\t<h6 class=\"elementor-heading-title elementor-size-default\">Capacitaci\u00f3n<\/h6>\t\t\t\t<\/div>\n\t\t\t\t<\/div>\n\t\t\t\t\t<\/div>\n\t\t<\/div>\n\t\t\t\t\t<\/div>\n\t\t<\/section>\n\t\t\t\t<section class=\"elementor-section elementor-top-section elementor-element elementor-element-d8577fa elementor-section-boxed elementor-section-height-default elementor-section-height-default\" data-id=\"d8577fa\" data-element_type=\"section\" data-e-type=\"section\">\n\t\t\t\t\t\t<div class=\"elementor-container elementor-column-gap-default\">\n\t\t\t\t\t<div class=\"elementor-column elementor-col-100 elementor-top-column elementor-element elementor-element-da8c535\" data-id=\"da8c535\" data-element_type=\"column\" data-e-type=\"column\">\n\t\t\t<div class=\"elementor-widget-wrap elementor-element-populated\">\n\t\t\t\t\t\t<div class=\"elementor-element elementor-element-39d174e elementor-widget elementor-widget-heading\" data-id=\"39d174e\" data-element_type=\"widget\" data-e-type=\"widget\" data-widget_type=\"heading.default\">\n\t\t\t\t<div class=\"elementor-widget-container\">\n\t\t\t\t\t<h2 class=\"elementor-heading-title elementor-size-default\">El Instituto San Jos\u00e9 ofrece diversos proyectos de capacitaci\u00f3n para docentes\n<\/h2>\t\t\t\t<\/div>\n\t\t\t\t<\/div>\n\t\t\t\t\t<\/div>\n\t\t<\/div>\n\t\t\t\t\t<\/div>\n\t\t<\/section>\n\t\t\t\t<section class=\"elementor-section elementor-top-section elementor-element elementor-element-cb39e3b elementor-section-boxed elementor-section-height-default elementor-section-height-default\" data-id=\"cb39e3b\" data-element_type=\"section\" data-e-type=\"section\">\n\t\t\t\t\t\t<div class=\"elementor-container elementor-column-gap-default\">\n\t\t\t\t\t<div class=\"elementor-column elementor-col-100 elementor-top-column elementor-element elementor-element-ac8230b\" data-id=\"ac8230b\" data-element_type=\"column\" data-e-type=\"column\">\n\t\t\t<div class=\"elementor-widget-wrap elementor-element-populated\">\n\t\t\t\t\t\t<div class=\"elementor-element elementor-element-e39efdb elementor-widget elementor-widget-text-editor\" data-id=\"e39efdb\" data-element_type=\"widget\" data-e-type=\"widget\" data-widget_type=\"text-editor.default\">\n\t\t\t\t<div class=\"elementor-widget-container\">\n\t\t\t\t\t\t\t\t\t<p>Este a\u00f1o, <span style=\"color: #ff6600;\"><strong>el Departamento de Formaci\u00f3n Docente Continua del Instituto Superior San Jos\u00e9<\/strong><\/span> program\u00f3 una interesante variedad de ofertas de capacitaci\u00f3n destinadas a docentes de todos los niveles. \u00c9stas se ejecutan mediante la plataforma Corrientes Educa Virtual y cuentan con aprobaci\u00f3n del Ministerio de Educaci\u00f3n de la Provincia.<\/p><p>Una de ellas se realiz\u00f3 durante la primera parte del a\u00f1o, dos se encuentran en curso y otras cinco se gestionan para los pr\u00f3ximos meses.<br \/>La licenciada Adriana Fontana, docente y coordinadora del Departamento, explic\u00f3 que esa \u00e1rea del Instituto tiene como objetivo fundamental \u201cresponder a las necesidades de los docentes y a sus contextos de pr\u00e1cticas espec\u00edficas\u201d. En ese sentido, se les brinda orientaci\u00f3n a docentes y profesionales que deseen presentar proyectos para la elaboraci\u00f3n de \u00e9stos en funci\u00f3n de los lineamientos establecidos por la Direcci\u00f3n de Educaci\u00f3n Superior. <br \/>Entre los cursos que el Instituto ofreci\u00f3 este a\u00f1o, se puede mencionar el que se realiz\u00f3 durante el primer cuatrimestre sobre \u201cPrimeros Auxilios Emocionales\u201d que estuvo a cargo del profesor Edgar Barboza y que cont\u00f3 con un importante n\u00famero de participantes.<\/p><p>En este momento se est\u00e1n desarrollando otros dos proyectos de capacitaci\u00f3n. Uno de ellos es el curso \u201cConectados por la Literatura Cl\u00e1sica\u201d, cuya autora y responsable es la profesora Sonia Emmert. Esta oferta tiene una nutrida asistencia de docentes que tienen la especialidad de Lengua y Literatura. El otro, \u201cBienestar Emocional para Educadores\u201d, es dictado por el licenciado Fernando Preto, y aborda la gesti\u00f3n de las emociones para los educadores.<br \/>Pr\u00f3ximamente comenzar\u00e1 a desarrollarse el curso \u201cEnse\u00f1anza de la lectura y escritura con ni\u00f1os y ni\u00f1as con un nivel pedag\u00f3gico desfasado del esperado para el ciclo educativo que cursan&#8221;, que estar\u00e1 a cargo del profesor Fabi\u00e1n Yausaz, destinado a docentes de nivel primario.<\/p><p>Adem\u00e1s, desde el Departamento de Formaci\u00f3n Docente Continua se est\u00e1 gestionando frente al Ministerio de Educaci\u00f3n otras propuestas de capacitaci\u00f3n, anticip\u00f3 Fontana y detall\u00f3: se trata de las \u201cJornadas de Literatura Regional\u201d, coordinadas por los profesores Delia Romero, Mar\u00eda Rosa Montero y Mat\u00edas Barrios; y de los cursos \u201cEspacio para la Construcci\u00f3n y Reflexi\u00f3n de Propuestas de Ense\u00f1anzas Focalizadas en la Lengua y la Literatura\u201d, de las profesoras Mercedes Sosa y Susana Godoy; \u201cLiteratura en Tensi\u00f3n, el m\u00e9todo comparativo y su aporte al an\u00e1lisis literario\u201d, de los profesores Erika Romina C\u00e1ceres Ferrari, Adriana Crolla y Mat\u00edas Barrios; y \u201cAn\u00e1lisis de la Poes\u00eda L\u00edrica, una aproximaci\u00f3n desde el post formalismo estructuralista\u201d, del profesor Rafael Costarelli.<\/p><p><em><strong>\u201cSe trata un significativo n\u00famero de proyectos formativos que ofrece el Instituto Superior San Jos\u00e9\u201d, expres\u00f3 Adriana Fontana al destacar la colaboraci\u00f3n de los profesores especializados de esta casa que dise\u00f1an y coordinan estos espacios para la formaci\u00f3n continua de los docentes de todos los niveles.<\/strong><\/em><\/p>\t\t\t\t\t\t\t\t<\/div>\n\t\t\t\t<\/div>\n\t\t\t\t\t<\/div>\n\t\t<\/div>\n\t\t\t\t\t<\/div>\n\t\t<\/section>\n\t\t\t\t<section class=\"elementor-section elementor-top-section elementor-element elementor-element-b4df6c8 elementor-section-boxed elementor-section-height-default elementor-section-height-default\" data-id=\"b4df6c8\" data-element_type=\"section\" data-e-type=\"section\">\n\t\t\t\t\t\t<div class=\"elementor-container elementor-column-gap-default\">\n\t\t\t\t\t<div class=\"elementor-column elementor-col-100 elementor-top-column elementor-element elementor-element-d56bc89\" data-id=\"d56bc89\" data-element_type=\"column\" data-e-type=\"column\">\n\t\t\t<div class=\"elementor-widget-wrap elementor-element-populated\">\n\t\t\t\t\t\t<div class=\"elementor-element elementor-element-2066848 elementor-widget elementor-widget-image\" data-id=\"2066848\" data-element_type=\"widget\" data-e-type=\"widget\" data-widget_type=\"image.default\">\n\t\t\t\t<div class=\"elementor-widget-container\">\n\t\t\t\t\t\t\t\t\t\t\t\t\t\t\t<img fetchpriority=\"high\" decoding=\"async\" width=\"300\" height=\"300\" src=\"https:\/\/sanjosei27.edu.ar\/wp-content\/uploads\/2022\/09\/imagen_web_subir.jpg\" class=\"attachment-medium size-medium wp-image-1908\" alt=\"\" \/>\t\t\t\t\t\t\t\t\t\t\t\t\t\t\t<\/div>\n\t\t\t\t<\/div>\n\t\t\t\t\t<\/div>\n\t\t<\/div>\n\t\t\t\t\t<\/div>\n\t\t<\/section>\n\t\t\t\t<section class=\"elementor-section elementor-top-section elementor-element elementor-element-c4707c3 elementor-section-boxed elementor-section-height-default elementor-section-height-default\" data-id=\"c4707c3\" data-element_type=\"section\" data-e-type=\"section\">\n\t\t\t\t\t\t<div class=\"elementor-container elementor-column-gap-default\">\n\t\t\t\t\t<div class=\"elementor-column elementor-col-100 elementor-top-column elementor-element elementor-element-a8aca54\" data-id=\"a8aca54\" data-element_type=\"column\" data-e-type=\"column\">\n\t\t\t<div class=\"elementor-widget-wrap\">\n\t\t\t\t\t\t\t<\/div>\n\t\t<\/div>\n\t\t\t\t\t<\/div>\n\t\t<\/section>\n\t\t\t\t<section class=\"elementor-section elementor-top-section elementor-element elementor-element-0f07ee8 elementor-section-boxed elementor-section-height-default elementor-section-height-default\" data-id=\"0f07ee8\" data-element_type=\"section\" data-e-type=\"section\">\n\t\t\t\t\t\t<div class=\"elementor-container elementor-column-gap-default\">\n\t\t\t\t\t<div class=\"elementor-column elementor-col-100 elementor-top-column elementor-element elementor-element-3f6381f\" data-id=\"3f6381f\" data-element_type=\"column\" data-e-type=\"column\">\n\t\t\t<div class=\"elementor-widget-wrap elementor-element-populated\">\n\t\t\t\t\t\t<div class=\"elementor-element elementor-element-4cdffef e-grid-align-left elementor-shape-rounded elementor-grid-0 elementor-invisible elementor-widget elementor-widget-social-icons\" data-id=\"4cdffef\" data-element_type=\"widget\" data-e-type=\"widget\" data-settings=\"{&quot;_animation&quot;:&quot;fadeIn&quot;}\" data-widget_type=\"social-icons.default\">\n\t\t\t\t<div class=\"elementor-widget-container\">\n\t\t\t\t\t\t\t<div class=\"elementor-social-icons-wrapper elementor-grid\" role=\"list\">\n\t\t\t\t\t\t\t<span class=\"elementor-grid-item\" role=\"listitem\">\n\t\t\t\t\t<a class=\"elementor-icon elementor-social-icon elementor-social-icon-facebook elementor-animation-grow elementor-repeater-item-47dd1a6\" href=\"https:\/\/www.facebook.com\/instsanjosei27\" target=\"_blank\">\n\t\t\t\t\t\t<span class=\"elementor-screen-only\">Facebook<\/span>\n\t\t\t\t\t\t<i aria-hidden=\"true\" class=\"fab fa-facebook\"><\/i>\t\t\t\t\t<\/a>\n\t\t\t\t<\/span>\n\t\t\t\t\t\t\t<span class=\"elementor-grid-item\" role=\"listitem\">\n\t\t\t\t\t<a class=\"elementor-icon elementor-social-icon elementor-social-icon-instagram elementor-animation-grow elementor-repeater-item-8625171\" href=\"https:\/\/www.instagram.com\/instsanjose\/\" target=\"_blank\">\n\t\t\t\t\t\t<span class=\"elementor-screen-only\">Instagram<\/span>\n\t\t\t\t\t\t<i aria-hidden=\"true\" class=\"fab fa-instagram\"><\/i>\t\t\t\t\t<\/a>\n\t\t\t\t<\/span>\n\t\t\t\t\t<\/div>\n\t\t\t\t\t\t<\/div>\n\t\t\t\t<\/div>\n\t\t\t\t\t<\/div>\n\t\t<\/div>\n\t\t\t\t\t<\/div>\n\t\t<\/section>\n\t\t\t\t<section class=\"elementor-section elementor-top-section elementor-element elementor-element-6c17913 elementor-section-boxed elementor-section-height-default elementor-section-height-default\" data-id=\"6c17913\" data-element_type=\"section\" data-e-type=\"section\">\n\t\t\t\t\t\t<div class=\"elementor-container elementor-column-gap-default\">\n\t\t\t\t\t<div class=\"elementor-column elementor-col-50 elementor-top-column elementor-element elementor-element-c2eb0c4\" data-id=\"c2eb0c4\" data-element_type=\"column\" data-e-type=\"column\">\n\t\t\t<div class=\"elementor-widget-wrap elementor-element-populated\">\n\t\t\t\t\t\t<div class=\"elementor-element elementor-element-8d24909 elementor-widget elementor-widget-html\" data-id=\"8d24909\" data-element_type=\"widget\" data-e-type=\"widget\" data-widget_type=\"html.default\">\n\t\t\t\t<div class=\"elementor-widget-container\">\n\t\t\t\t\t<input type=\"button\" onclick=\"history.back()\" name=\"volver atr\u00e1s\" value=\"volver \">\t\t\t\t<\/div>\n\t\t\t\t<\/div>\n\t\t\t\t\t<\/div>\n\t\t<\/div>\n\t\t\t\t<div class=\"elementor-column elementor-col-50 elementor-top-column elementor-element elementor-element-747f6db\" data-id=\"747f6db\" data-element_type=\"column\" data-e-type=\"column\">\n\t\t\t<div class=\"elementor-widget-wrap elementor-element-populated\">\n\t\t\t\t\t\t<div class=\"elementor-element elementor-element-5dbcc0d elementor-invisible elementor-widget elementor-widget-button\" data-id=\"5dbcc0d\" data-element_type=\"widget\" data-e-type=\"widget\" data-settings=\"{&quot;_animation&quot;:&quot;fadeInRight&quot;}\" data-widget_type=\"button.default\">\n\t\t\t\t<div class=\"elementor-widget-container\">\n\t\t\t\t\t\t\t\t\t<div class=\"elementor-button-wrapper\">\n\t\t\t\t\t<a class=\"elementor-button elementor-button-link elementor-size-sm\" href=\"http:\/\/nuevaweb.sanjosei27.edu.ar\/?page_id=43\">\n\t\t\t\t\t\t<span class=\"elementor-button-content-wrapper\">\n\t\t\t\t\t\t\t\t\t<span class=\"elementor-button-text\">+ novedades<\/span>\n\t\t\t\t\t<\/span>\n\t\t\t\t\t<\/a>\n\t\t\t\t<\/div>\n\t\t\t\t\t\t\t\t<\/div>\n\t\t\t\t<\/div>\n\t\t\t\t\t<\/div>\n\t\t<\/div>\n\t\t\t\t\t<\/div>\n\t\t<\/section>\n\t\t\t\t<\/div>\n\t\t","protected":false},"excerpt":{"rendered":"<p>El Departamento de Formaci\u00f3n Docente Continua del Instituto Superior San Jos\u00e9 program\u00f3 una interesante variedad de ofertas<\/p>\n","protected":false},"author":1,"featured_media":1908,"comment_status":"closed","ping_status":"closed","sticky":false,"template":"elementor_header_footer","format":"standard","meta":{"footnotes":""},"categories":[46,11],"tags":[107,131,140,136],"class_list":["post-1907","post","type-post","status-publish","format-standard","has-post-thumbnail","hentry","category-cursos-y-capacitaciones","category-novedades","tag-107","tag-capacitacion","tag-docentes","tag-educacion"],"_links":{"self":[{"href":"https:\/\/sanjosei27.edu.ar\/index.php?rest_route=\/wp\/v2\/posts\/1907","targetHints":{"allow":["GET"]}}],"collection":[{"href":"https:\/\/sanjosei27.edu.ar\/index.php?rest_route=\/wp\/v2\/posts"}],"about":[{"href":"https:\/\/sanjosei27.edu.ar\/index.php?rest_route=\/wp\/v2\/types\/post"}],"author":[{"embeddable":true,"href":"https:\/\/sanjosei27.edu.ar\/index.php?rest_route=\/wp\/v2\/users\/1"}],"replies":[{"embeddable":true,"href":"https:\/\/sanjosei27.edu.ar\/index.php?rest_route=%2Fwp%2Fv2%2Fcomments&post=1907"}],"version-history":[{"count":7,"href":"https:\/\/sanjosei27.edu.ar\/index.php?rest_route=\/wp\/v2\/posts\/1907\/revisions"}],"predecessor-version":[{"id":1915,"href":"https:\/\/sanjosei27.edu.ar\/index.php?rest_route=\/wp\/v2\/posts\/1907\/revisions\/1915"}],"wp:featuredmedia":[{"embeddable":true,"href":"https:\/\/sanjosei27.edu.ar\/index.php?rest_route=\/wp\/v2\/media\/1908"}],"wp:attachment":[{"href":"https:\/\/sanjosei27.edu.ar\/index.php?rest_route=%2Fwp%2Fv2%2Fmedia&parent=1907"}],"wp:term":[{"taxonomy":"category","embeddable":true,"href":"https:\/\/sanjosei27.edu.ar\/index.php?rest_route=%2Fwp%2Fv2%2Fcategories&post=1907"},{"taxonomy":"post_tag","embeddable":true,"href":"https:\/\/sanjosei27.edu.ar\/index.php?rest_route=%2Fwp%2Fv2%2Ftags&post=1907"}],"curies":[{"name":"wp","href":"https:\/\/api.w.org\/{rel}","templated":true}]}}