{"id":1986,"date":"2022-11-01T20:07:44","date_gmt":"2022-11-01T23:07:44","guid":{"rendered":"https:\/\/sanjosei27.edu.ar\/?p=1986"},"modified":"2022-11-01T20:16:03","modified_gmt":"2022-11-01T23:16:03","slug":"xi-jornadas-de-literatura-regional","status":"publish","type":"post","link":"https:\/\/sanjosei27.edu.ar\/?p=1986","title":{"rendered":"XI Jornadas de Literatura Regional"},"content":{"rendered":"\t\t<div data-elementor-type=\"wp-post\" data-elementor-id=\"1986\" class=\"elementor elementor-1986\">\n\t\t\t\t\t\t<section class=\"elementor-section elementor-top-section elementor-element elementor-element-7dd628c elementor-section-boxed elementor-section-height-default elementor-section-height-default\" data-id=\"7dd628c\" data-element_type=\"section\" data-e-type=\"section\">\n\t\t\t\t\t\t<div class=\"elementor-container elementor-column-gap-default\">\n\t\t\t\t\t<div class=\"elementor-column elementor-col-100 elementor-top-column elementor-element elementor-element-449e8b3\" data-id=\"449e8b3\" data-element_type=\"column\" data-e-type=\"column\">\n\t\t\t<div class=\"elementor-widget-wrap elementor-element-populated\">\n\t\t\t\t\t\t<div class=\"elementor-element elementor-element-c12b4be elementor-widget elementor-widget-spacer\" data-id=\"c12b4be\" data-element_type=\"widget\" data-e-type=\"widget\" data-widget_type=\"spacer.default\">\n\t\t\t\t<div class=\"elementor-widget-container\">\n\t\t\t\t\t\t\t<div class=\"elementor-spacer\">\n\t\t\t<div class=\"elementor-spacer-inner\"><\/div>\n\t\t<\/div>\n\t\t\t\t\t\t<\/div>\n\t\t\t\t<\/div>\n\t\t\t\t\t<\/div>\n\t\t<\/div>\n\t\t\t\t\t<\/div>\n\t\t<\/section>\n\t\t\t\t<section class=\"elementor-section elementor-top-section elementor-element elementor-element-3940b39 elementor-section-boxed elementor-section-height-default elementor-section-height-default\" data-id=\"3940b39\" data-element_type=\"section\" data-e-type=\"section\">\n\t\t\t\t\t\t<div class=\"elementor-container elementor-column-gap-default\">\n\t\t\t\t\t<div class=\"elementor-column elementor-col-100 elementor-top-column elementor-element elementor-element-0ddd008\" data-id=\"0ddd008\" data-element_type=\"column\" data-e-type=\"column\">\n\t\t\t<div class=\"elementor-widget-wrap elementor-element-populated\">\n\t\t\t\t\t\t<div class=\"elementor-element elementor-element-bb78c80 elementor-widget elementor-widget-spacer\" data-id=\"bb78c80\" data-element_type=\"widget\" data-e-type=\"widget\" data-widget_type=\"spacer.default\">\n\t\t\t\t<div class=\"elementor-widget-container\">\n\t\t\t\t\t\t\t<div class=\"elementor-spacer\">\n\t\t\t<div class=\"elementor-spacer-inner\"><\/div>\n\t\t<\/div>\n\t\t\t\t\t\t<\/div>\n\t\t\t\t<\/div>\n\t\t\t\t\t<\/div>\n\t\t<\/div>\n\t\t\t\t\t<\/div>\n\t\t<\/section>\n\t\t\t\t<section class=\"elementor-section elementor-top-section elementor-element elementor-element-13b23a8 elementor-section-boxed elementor-section-height-default elementor-section-height-default\" data-id=\"13b23a8\" data-element_type=\"section\" data-e-type=\"section\">\n\t\t\t\t\t\t<div class=\"elementor-container elementor-column-gap-default\">\n\t\t\t\t\t<div class=\"elementor-column elementor-col-100 elementor-top-column elementor-element elementor-element-6e2826d\" data-id=\"6e2826d\" data-element_type=\"column\" data-e-type=\"column\">\n\t\t\t<div class=\"elementor-widget-wrap elementor-element-populated\">\n\t\t\t\t\t\t<div class=\"elementor-element elementor-element-9232aab elementor-widget elementor-widget-heading\" data-id=\"9232aab\" data-element_type=\"widget\" data-e-type=\"widget\" data-widget_type=\"heading.default\">\n\t\t\t\t<div class=\"elementor-widget-container\">\n\t\t\t\t\t<h6 class=\"elementor-heading-title elementor-size-default\">NOVEDADES <\/h6>\t\t\t\t<\/div>\n\t\t\t\t<\/div>\n\t\t\t\t\t<\/div>\n\t\t<\/div>\n\t\t\t\t\t<\/div>\n\t\t<\/section>\n\t\t\t\t<section class=\"elementor-section elementor-top-section elementor-element elementor-element-9b854c1 elementor-section-boxed elementor-section-height-default elementor-section-height-default\" data-id=\"9b854c1\" data-element_type=\"section\" data-e-type=\"section\">\n\t\t\t\t\t\t<div class=\"elementor-container elementor-column-gap-default\">\n\t\t\t\t\t<div class=\"elementor-column elementor-col-100 elementor-top-column elementor-element elementor-element-36fc6e4\" data-id=\"36fc6e4\" data-element_type=\"column\" data-e-type=\"column\">\n\t\t\t<div class=\"elementor-widget-wrap elementor-element-populated\">\n\t\t\t\t\t\t<div class=\"elementor-element elementor-element-8b1a6c4 elementor-widget elementor-widget-heading\" data-id=\"8b1a6c4\" data-element_type=\"widget\" data-e-type=\"widget\" data-widget_type=\"heading.default\">\n\t\t\t\t<div class=\"elementor-widget-container\">\n\t\t\t\t\t<h6 class=\"elementor-heading-title elementor-size-default\">Nuevo<\/h6>\t\t\t\t<\/div>\n\t\t\t\t<\/div>\n\t\t\t\t\t<\/div>\n\t\t<\/div>\n\t\t\t\t\t<\/div>\n\t\t<\/section>\n\t\t\t\t<section class=\"elementor-section elementor-top-section elementor-element elementor-element-d8577fa elementor-section-boxed elementor-section-height-default elementor-section-height-default\" data-id=\"d8577fa\" data-element_type=\"section\" data-e-type=\"section\">\n\t\t\t\t\t\t<div class=\"elementor-container elementor-column-gap-default\">\n\t\t\t\t\t<div class=\"elementor-column elementor-col-100 elementor-top-column elementor-element elementor-element-da8c535\" data-id=\"da8c535\" data-element_type=\"column\" data-e-type=\"column\">\n\t\t\t<div class=\"elementor-widget-wrap elementor-element-populated\">\n\t\t\t\t\t\t<div class=\"elementor-element elementor-element-39d174e elementor-widget elementor-widget-heading\" data-id=\"39d174e\" data-element_type=\"widget\" data-e-type=\"widget\" data-widget_type=\"heading.default\">\n\t\t\t\t<div class=\"elementor-widget-container\">\n\t\t\t\t\t<h2 class=\"elementor-heading-title elementor-size-default\">XI Jornadas de Literatura Regional, \u201cVoces para el Reencuentro\u201d <\/h2>\t\t\t\t<\/div>\n\t\t\t\t<\/div>\n\t\t\t\t\t<\/div>\n\t\t<\/div>\n\t\t\t\t\t<\/div>\n\t\t<\/section>\n\t\t\t\t<section class=\"elementor-section elementor-top-section elementor-element elementor-element-cb39e3b elementor-section-boxed elementor-section-height-default elementor-section-height-default\" data-id=\"cb39e3b\" data-element_type=\"section\" data-e-type=\"section\">\n\t\t\t\t\t\t<div class=\"elementor-container elementor-column-gap-default\">\n\t\t\t\t\t<div class=\"elementor-column elementor-col-100 elementor-top-column elementor-element elementor-element-ac8230b\" data-id=\"ac8230b\" data-element_type=\"column\" data-e-type=\"column\">\n\t\t\t<div class=\"elementor-widget-wrap elementor-element-populated\">\n\t\t\t\t\t\t<div class=\"elementor-element elementor-element-e39efdb elementor-widget elementor-widget-text-editor\" data-id=\"e39efdb\" data-element_type=\"widget\" data-e-type=\"widget\" data-widget_type=\"text-editor.default\">\n\t\t\t\t<div class=\"elementor-widget-container\">\n\t\t\t\t\t\t\t\t\t<p><br \/>Los d\u00edas 19 y 20 de octubre, se realizaron en las instalaciones del Instituto Superior San Jos\u00e9 las XI Jornadas de Literatura Regional \u201cVoces para el Reencuentro\u201d. Se trat\u00f3 de un espacio para compartir saberes, escuchar experiencias y disfrutar del arte literario.<\/p><p><br \/>El encuentro volvi\u00f3 a desarrollarse de manera presencial, luego del aislamiento por pandemia. Fue organizado por el Profesorado de Educaci\u00f3n Secundaria en Lengua y Literatura y congreg\u00f3 a 130 estudiantes, docentes y escritores de la regi\u00f3n quienes, a lo largo de dos jornadas, trabajaron en torno a obras, relatos, charlas y talleres interactivos.<\/p><p><br \/>\u201cVoces para el Reencuentro\u201d hizo alusi\u00f3n al tiempo de trabajo virtual y al retorno a la presencialidad con el mismo esp\u00edritu con el que se originaron estas jornadas, once a\u00f1os atr\u00e1s: encontrarse en el goce com\u00fan que genera la literatura de esta parte del pa\u00eds, sus voces y protagonistas. <br \/>Para la apertura, se present\u00f3 el libro &#8220;Tacur\u00fa&#8221;, de Ernestina Perrens; y a continuaci\u00f3n, hubo una Mesa de Poes\u00eda, &#8220;Como el agua&#8221;, que tuvo como poeta invitada a Evelin Bochle.<\/p><p><br \/>Durante la segunda jornada, Gustavo S\u00e1nchez Mari\u00f1o se refiri\u00f3 al \u201cProceso de traducci\u00f3n de los Sonetos de William Shakespeare\u201d. Luego, se realiz\u00f3 la presentaci\u00f3n de la novela \u201cLa casa de arena\u201d, de Adriano Duarte; y una Mesa de di\u00e1logo sobre la Obra Narrativa de Jos\u00e9 Gabriel Ceballos.<\/p><p><br \/>En ambos d\u00edas se realizaron talleres en simult\u00e1neo. \u00c9stos fueron: \u201cClasificaci\u00f3n de mitos en la cosmovisi\u00f3n guaran\u00ed\u201d, de la profesora Sonia Emmert; \u201cEscritura de Escenas dist\u00f3picas en V\u00edspera negra de Jos\u00e9 Gabriel Ceballos\u201d, que fue dictado por el profesor Fabi\u00e1n Yausaz; &#8220;El abordaje de textos literarios desde una perspectiva de g\u00e9nero&#8221;, a cargo de la profesora Romina C\u00e1ceres Ferrari; y \u201cTaller literario y creativo\u201d, organizado por la SADE. Soledad Sandova, por su parte, ofreci\u00f3 el taller &#8220;De fieras y hombres: el autorretrato literario y la personalidad de las bestias&#8221;; y el profesor Mar\u00edas Romero, trabaj\u00f3 &#8220;La era de los H\u00e9roes. C\u00f3mics y superh\u00e9roes&#8221;.<\/p><p><br \/>Agradecemos a los escritores que nos acompa\u00f1aron y deleitaron con sus obras; a los talleristas que compartieron pr\u00e1cticas y saberes, a los moderadores, a los docentes y a los alumnos que fueron parte de la organizaci\u00f3n de este maravilloso encuentro que nos permite disfrutar juntos de la literatura regional.<\/p>\t\t\t\t\t\t\t\t<\/div>\n\t\t\t\t<\/div>\n\t\t\t\t\t<\/div>\n\t\t<\/div>\n\t\t\t\t\t<\/div>\n\t\t<\/section>\n\t\t\t\t<section class=\"elementor-section elementor-top-section elementor-element elementor-element-b4df6c8 elementor-section-boxed elementor-section-height-default elementor-section-height-default\" data-id=\"b4df6c8\" data-element_type=\"section\" data-e-type=\"section\">\n\t\t\t\t\t\t<div class=\"elementor-container elementor-column-gap-default\">\n\t\t\t\t\t<div class=\"elementor-column elementor-col-100 elementor-top-column elementor-element elementor-element-d56bc89\" data-id=\"d56bc89\" data-element_type=\"column\" data-e-type=\"column\">\n\t\t\t<div class=\"elementor-widget-wrap elementor-element-populated\">\n\t\t\t\t\t\t<div class=\"elementor-element elementor-element-97e57f2 elementor-arrows-position-inside elementor-pagination-position-outside elementor-widget elementor-widget-image-carousel\" data-id=\"97e57f2\" data-element_type=\"widget\" data-e-type=\"widget\" data-settings=\"{&quot;navigation&quot;:&quot;both&quot;,&quot;autoplay&quot;:&quot;yes&quot;,&quot;pause_on_hover&quot;:&quot;yes&quot;,&quot;pause_on_interaction&quot;:&quot;yes&quot;,&quot;autoplay_speed&quot;:5000,&quot;infinite&quot;:&quot;yes&quot;,&quot;speed&quot;:500}\" data-widget_type=\"image-carousel.default\">\n\t\t\t\t<div class=\"elementor-widget-container\">\n\t\t\t\t\t\t\t<div class=\"elementor-image-carousel-wrapper swiper\" role=\"region\" aria-roledescription=\"carousel\" aria-label=\"Carrusel de im\u00e1genes\" dir=\"ltr\">\n\t\t\t<div class=\"elementor-image-carousel swiper-wrapper\" aria-live=\"off\">\n\t\t\t\t\t\t\t\t<div class=\"swiper-slide\" role=\"group\" aria-roledescription=\"slide\" aria-label=\"1 of 5\"><figure class=\"swiper-slide-inner\"><img decoding=\"async\" class=\"swiper-slide-image\" src=\"https:\/\/sanjosei27.edu.ar\/wp-content\/uploads\/2022\/11\/WhatsApp-Image-2022-11-01-at-7.16.42-PM.jpeg\" alt=\"WhatsApp Image 2022-11-01 at 7.16.42 PM\" \/><\/figure><\/div><div class=\"swiper-slide\" role=\"group\" aria-roledescription=\"slide\" aria-label=\"2 of 5\"><figure class=\"swiper-slide-inner\"><img decoding=\"async\" class=\"swiper-slide-image\" src=\"https:\/\/sanjosei27.edu.ar\/wp-content\/uploads\/2022\/11\/WhatsApp-Image-2022-11-01-at-7.16.43-PM-1.jpeg\" alt=\"WhatsApp Image 2022-11-01 at 7.16.43 PM (1)\" \/><\/figure><\/div><div class=\"swiper-slide\" role=\"group\" aria-roledescription=\"slide\" aria-label=\"3 of 5\"><figure class=\"swiper-slide-inner\"><img decoding=\"async\" class=\"swiper-slide-image\" src=\"https:\/\/sanjosei27.edu.ar\/wp-content\/uploads\/2022\/11\/WhatsApp-Image-2022-11-01-at-7.16.43-PM-2.jpeg\" alt=\"WhatsApp Image 2022-11-01 at 7.16.43 PM (2)\" \/><\/figure><\/div><div class=\"swiper-slide\" role=\"group\" aria-roledescription=\"slide\" aria-label=\"4 of 5\"><figure class=\"swiper-slide-inner\"><img decoding=\"async\" class=\"swiper-slide-image\" src=\"https:\/\/sanjosei27.edu.ar\/wp-content\/uploads\/2022\/11\/WhatsApp-Image-2022-11-01-at-7.16.43-PM-3.jpeg\" alt=\"WhatsApp Image 2022-11-01 at 7.16.43 PM (3)\" \/><\/figure><\/div><div class=\"swiper-slide\" role=\"group\" aria-roledescription=\"slide\" aria-label=\"5 of 5\"><figure class=\"swiper-slide-inner\"><img decoding=\"async\" class=\"swiper-slide-image\" src=\"https:\/\/sanjosei27.edu.ar\/wp-content\/uploads\/2022\/11\/WhatsApp-Image-2022-11-01-at-7.16.43-PM.jpeg\" alt=\"WhatsApp Image 2022-11-01 at 7.16.43 PM\" \/><\/figure><\/div>\t\t\t<\/div>\n\t\t\t\t\t\t\t\t\t\t\t\t<div class=\"elementor-swiper-button elementor-swiper-button-prev\" role=\"button\" tabindex=\"0\">\n\t\t\t\t\t\t<i aria-hidden=\"true\" class=\"eicon-chevron-left\"><\/i>\t\t\t\t\t<\/div>\n\t\t\t\t\t<div class=\"elementor-swiper-button elementor-swiper-button-next\" role=\"button\" tabindex=\"0\">\n\t\t\t\t\t\t<i aria-hidden=\"true\" class=\"eicon-chevron-right\"><\/i>\t\t\t\t\t<\/div>\n\t\t\t\t\n\t\t\t\t\t\t\t\t\t<div class=\"swiper-pagination\"><\/div>\n\t\t\t\t\t\t\t\t\t<\/div>\n\t\t\t\t\t\t<\/div>\n\t\t\t\t<\/div>\n\t\t\t\t\t<\/div>\n\t\t<\/div>\n\t\t\t\t\t<\/div>\n\t\t<\/section>\n\t\t\t\t<section class=\"elementor-section elementor-top-section elementor-element elementor-element-c4707c3 elementor-section-boxed elementor-section-height-default elementor-section-height-default\" data-id=\"c4707c3\" data-element_type=\"section\" data-e-type=\"section\">\n\t\t\t\t\t\t<div class=\"elementor-container elementor-column-gap-default\">\n\t\t\t\t\t<div class=\"elementor-column elementor-col-100 elementor-top-column elementor-element elementor-element-a8aca54\" data-id=\"a8aca54\" data-element_type=\"column\" data-e-type=\"column\">\n\t\t\t<div class=\"elementor-widget-wrap\">\n\t\t\t\t\t\t\t<\/div>\n\t\t<\/div>\n\t\t\t\t\t<\/div>\n\t\t<\/section>\n\t\t\t\t<section class=\"elementor-section elementor-top-section elementor-element elementor-element-0f07ee8 elementor-section-boxed elementor-section-height-default elementor-section-height-default\" data-id=\"0f07ee8\" data-element_type=\"section\" data-e-type=\"section\">\n\t\t\t\t\t\t<div class=\"elementor-container elementor-column-gap-default\">\n\t\t\t\t\t<div class=\"elementor-column elementor-col-100 elementor-top-column elementor-element elementor-element-3f6381f\" data-id=\"3f6381f\" data-element_type=\"column\" data-e-type=\"column\">\n\t\t\t<div class=\"elementor-widget-wrap elementor-element-populated\">\n\t\t\t\t\t\t<div class=\"elementor-element elementor-element-4cdffef e-grid-align-left elementor-shape-rounded elementor-grid-0 elementor-invisible elementor-widget elementor-widget-social-icons\" data-id=\"4cdffef\" data-element_type=\"widget\" data-e-type=\"widget\" data-settings=\"{&quot;_animation&quot;:&quot;fadeIn&quot;}\" data-widget_type=\"social-icons.default\">\n\t\t\t\t<div class=\"elementor-widget-container\">\n\t\t\t\t\t\t\t<div class=\"elementor-social-icons-wrapper elementor-grid\" role=\"list\">\n\t\t\t\t\t\t\t<span class=\"elementor-grid-item\" role=\"listitem\">\n\t\t\t\t\t<a class=\"elementor-icon elementor-social-icon elementor-social-icon-facebook elementor-animation-grow elementor-repeater-item-47dd1a6\" href=\"https:\/\/www.facebook.com\/instsanjosei27\" target=\"_blank\">\n\t\t\t\t\t\t<span class=\"elementor-screen-only\">Facebook<\/span>\n\t\t\t\t\t\t<i aria-hidden=\"true\" class=\"fab fa-facebook\"><\/i>\t\t\t\t\t<\/a>\n\t\t\t\t<\/span>\n\t\t\t\t\t\t\t<span class=\"elementor-grid-item\" role=\"listitem\">\n\t\t\t\t\t<a class=\"elementor-icon elementor-social-icon elementor-social-icon-instagram elementor-animation-grow elementor-repeater-item-8625171\" href=\"https:\/\/www.instagram.com\/instsanjose\/\" target=\"_blank\">\n\t\t\t\t\t\t<span class=\"elementor-screen-only\">Instagram<\/span>\n\t\t\t\t\t\t<i aria-hidden=\"true\" class=\"fab fa-instagram\"><\/i>\t\t\t\t\t<\/a>\n\t\t\t\t<\/span>\n\t\t\t\t\t<\/div>\n\t\t\t\t\t\t<\/div>\n\t\t\t\t<\/div>\n\t\t\t\t\t<\/div>\n\t\t<\/div>\n\t\t\t\t\t<\/div>\n\t\t<\/section>\n\t\t\t\t<section class=\"elementor-section elementor-top-section elementor-element elementor-element-6c17913 elementor-section-boxed elementor-section-height-default elementor-section-height-default\" data-id=\"6c17913\" data-element_type=\"section\" data-e-type=\"section\">\n\t\t\t\t\t\t<div class=\"elementor-container elementor-column-gap-default\">\n\t\t\t\t\t<div class=\"elementor-column elementor-col-50 elementor-top-column elementor-element elementor-element-c2eb0c4\" data-id=\"c2eb0c4\" data-element_type=\"column\" data-e-type=\"column\">\n\t\t\t<div class=\"elementor-widget-wrap elementor-element-populated\">\n\t\t\t\t\t\t<div class=\"elementor-element elementor-element-8d24909 elementor-widget elementor-widget-html\" data-id=\"8d24909\" data-element_type=\"widget\" data-e-type=\"widget\" data-widget_type=\"html.default\">\n\t\t\t\t<div class=\"elementor-widget-container\">\n\t\t\t\t\t<input type=\"button\" onclick=\"history.back()\" name=\"volver atr\u00e1s\" value=\"volver \">\t\t\t\t<\/div>\n\t\t\t\t<\/div>\n\t\t\t\t\t<\/div>\n\t\t<\/div>\n\t\t\t\t<div class=\"elementor-column elementor-col-50 elementor-top-column elementor-element elementor-element-747f6db\" data-id=\"747f6db\" data-element_type=\"column\" data-e-type=\"column\">\n\t\t\t<div class=\"elementor-widget-wrap elementor-element-populated\">\n\t\t\t\t\t\t<div class=\"elementor-element elementor-element-5dbcc0d elementor-invisible elementor-widget elementor-widget-button\" data-id=\"5dbcc0d\" data-element_type=\"widget\" data-e-type=\"widget\" data-settings=\"{&quot;_animation&quot;:&quot;fadeInRight&quot;}\" data-widget_type=\"button.default\">\n\t\t\t\t<div class=\"elementor-widget-container\">\n\t\t\t\t\t\t\t\t\t<div class=\"elementor-button-wrapper\">\n\t\t\t\t\t<a class=\"elementor-button elementor-button-link elementor-size-sm\" href=\"http:\/\/nuevaweb.sanjosei27.edu.ar\/?page_id=43\">\n\t\t\t\t\t\t<span class=\"elementor-button-content-wrapper\">\n\t\t\t\t\t\t\t\t\t<span class=\"elementor-button-text\">+ novedades<\/span>\n\t\t\t\t\t<\/span>\n\t\t\t\t\t<\/a>\n\t\t\t\t<\/div>\n\t\t\t\t\t\t\t\t<\/div>\n\t\t\t\t<\/div>\n\t\t\t\t\t<\/div>\n\t\t<\/div>\n\t\t\t\t\t<\/div>\n\t\t<\/section>\n\t\t\t\t<\/div>\n\t\t","protected":false},"excerpt":{"rendered":"<p>Los d\u00edas 19 y 20 de octubre, se realizaron en las instalaciones del Instituto Superior San Jos\u00e9 las XI Jornadas de Literatura Regional \u201cVoces para el Reencuentro\u201d.<\/p>\n","protected":false},"author":1,"featured_media":1987,"comment_status":"closed","ping_status":"closed","sticky":false,"template":"elementor_header_footer","format":"standard","meta":{"footnotes":""},"categories":[11],"tags":[107,115,147,146,105],"class_list":["post-1986","post","type-post","status-publish","format-standard","has-post-thumbnail","hentry","category-novedades","tag-107","tag-corrientes","tag-instituto-san-jose-i27","tag-jornadas-de-literatura-regional","tag-literatura"],"_links":{"self":[{"href":"https:\/\/sanjosei27.edu.ar\/index.php?rest_route=\/wp\/v2\/posts\/1986","targetHints":{"allow":["GET"]}}],"collection":[{"href":"https:\/\/sanjosei27.edu.ar\/index.php?rest_route=\/wp\/v2\/posts"}],"about":[{"href":"https:\/\/sanjosei27.edu.ar\/index.php?rest_route=\/wp\/v2\/types\/post"}],"author":[{"embeddable":true,"href":"https:\/\/sanjosei27.edu.ar\/index.php?rest_route=\/wp\/v2\/users\/1"}],"replies":[{"embeddable":true,"href":"https:\/\/sanjosei27.edu.ar\/index.php?rest_route=%2Fwp%2Fv2%2Fcomments&post=1986"}],"version-history":[{"count":7,"href":"https:\/\/sanjosei27.edu.ar\/index.php?rest_route=\/wp\/v2\/posts\/1986\/revisions"}],"predecessor-version":[{"id":2000,"href":"https:\/\/sanjosei27.edu.ar\/index.php?rest_route=\/wp\/v2\/posts\/1986\/revisions\/2000"}],"wp:featuredmedia":[{"embeddable":true,"href":"https:\/\/sanjosei27.edu.ar\/index.php?rest_route=\/wp\/v2\/media\/1987"}],"wp:attachment":[{"href":"https:\/\/sanjosei27.edu.ar\/index.php?rest_route=%2Fwp%2Fv2%2Fmedia&parent=1986"}],"wp:term":[{"taxonomy":"category","embeddable":true,"href":"https:\/\/sanjosei27.edu.ar\/index.php?rest_route=%2Fwp%2Fv2%2Fcategories&post=1986"},{"taxonomy":"post_tag","embeddable":true,"href":"https:\/\/sanjosei27.edu.ar\/index.php?rest_route=%2Fwp%2Fv2%2Ftags&post=1986"}],"curies":[{"name":"wp","href":"https:\/\/api.w.org\/{rel}","templated":true}]}}