{"id":2473,"date":"2023-12-29T10:00:14","date_gmt":"2023-12-29T13:00:14","guid":{"rendered":"https:\/\/sanjosei27.edu.ar\/?p=2473"},"modified":"2023-12-29T10:03:18","modified_gmt":"2023-12-29T13:03:18","slug":"acto-academico-y-cierre-del-ciclo-lectivo","status":"publish","type":"post","link":"https:\/\/sanjosei27.edu.ar\/?p=2473","title":{"rendered":"Acto Acad\u00e9mico y Cierre del Ciclo Lectivo"},"content":{"rendered":"\t\t<div data-elementor-type=\"wp-post\" data-elementor-id=\"2473\" class=\"elementor elementor-2473\">\n\t\t\t\t\t\t<section class=\"elementor-section elementor-top-section elementor-element elementor-element-7dd628c elementor-section-boxed elementor-section-height-default elementor-section-height-default\" data-id=\"7dd628c\" data-element_type=\"section\" data-e-type=\"section\">\n\t\t\t\t\t\t<div class=\"elementor-container elementor-column-gap-default\">\n\t\t\t\t\t<div class=\"elementor-column elementor-col-100 elementor-top-column elementor-element elementor-element-449e8b3\" data-id=\"449e8b3\" data-element_type=\"column\" data-e-type=\"column\">\n\t\t\t<div class=\"elementor-widget-wrap elementor-element-populated\">\n\t\t\t\t\t\t<div class=\"elementor-element elementor-element-c12b4be elementor-widget elementor-widget-spacer\" data-id=\"c12b4be\" data-element_type=\"widget\" data-e-type=\"widget\" data-widget_type=\"spacer.default\">\n\t\t\t\t<div class=\"elementor-widget-container\">\n\t\t\t\t\t\t\t<div class=\"elementor-spacer\">\n\t\t\t<div class=\"elementor-spacer-inner\"><\/div>\n\t\t<\/div>\n\t\t\t\t\t\t<\/div>\n\t\t\t\t<\/div>\n\t\t\t\t\t<\/div>\n\t\t<\/div>\n\t\t\t\t\t<\/div>\n\t\t<\/section>\n\t\t\t\t<section class=\"elementor-section elementor-top-section elementor-element elementor-element-3940b39 elementor-section-boxed elementor-section-height-default elementor-section-height-default\" data-id=\"3940b39\" data-element_type=\"section\" data-e-type=\"section\">\n\t\t\t\t\t\t<div class=\"elementor-container elementor-column-gap-default\">\n\t\t\t\t\t<div class=\"elementor-column elementor-col-100 elementor-top-column elementor-element elementor-element-0ddd008\" data-id=\"0ddd008\" data-element_type=\"column\" data-e-type=\"column\">\n\t\t\t<div class=\"elementor-widget-wrap elementor-element-populated\">\n\t\t\t\t\t\t<div class=\"elementor-element elementor-element-bb78c80 elementor-widget elementor-widget-spacer\" data-id=\"bb78c80\" data-element_type=\"widget\" data-e-type=\"widget\" data-widget_type=\"spacer.default\">\n\t\t\t\t<div class=\"elementor-widget-container\">\n\t\t\t\t\t\t\t<div class=\"elementor-spacer\">\n\t\t\t<div class=\"elementor-spacer-inner\"><\/div>\n\t\t<\/div>\n\t\t\t\t\t\t<\/div>\n\t\t\t\t<\/div>\n\t\t\t\t\t<\/div>\n\t\t<\/div>\n\t\t\t\t\t<\/div>\n\t\t<\/section>\n\t\t\t\t<section class=\"elementor-section elementor-top-section elementor-element elementor-element-13b23a8 elementor-section-boxed elementor-section-height-default elementor-section-height-default\" data-id=\"13b23a8\" data-element_type=\"section\" data-e-type=\"section\">\n\t\t\t\t\t\t<div class=\"elementor-container elementor-column-gap-default\">\n\t\t\t\t\t<div class=\"elementor-column elementor-col-100 elementor-top-column elementor-element elementor-element-6e2826d\" data-id=\"6e2826d\" data-element_type=\"column\" data-e-type=\"column\">\n\t\t\t<div class=\"elementor-widget-wrap elementor-element-populated\">\n\t\t\t\t\t\t\t<\/div>\n\t\t<\/div>\n\t\t\t\t\t<\/div>\n\t\t<\/section>\n\t\t\t\t<section class=\"elementor-section elementor-top-section elementor-element elementor-element-d8577fa elementor-section-boxed elementor-section-height-default elementor-section-height-default\" data-id=\"d8577fa\" data-element_type=\"section\" data-e-type=\"section\">\n\t\t\t\t\t\t<div class=\"elementor-container elementor-column-gap-default\">\n\t\t\t\t\t<div class=\"elementor-column elementor-col-100 elementor-top-column elementor-element elementor-element-da8c535\" data-id=\"da8c535\" data-element_type=\"column\" data-e-type=\"column\">\n\t\t\t<div class=\"elementor-widget-wrap elementor-element-populated\">\n\t\t\t\t\t\t<div class=\"elementor-element elementor-element-39d174e elementor-widget elementor-widget-heading\" data-id=\"39d174e\" data-element_type=\"widget\" data-e-type=\"widget\" data-widget_type=\"heading.default\">\n\t\t\t\t<div class=\"elementor-widget-container\">\n\t\t\t\t\t<h2 class=\"elementor-heading-title elementor-size-default\">Acto Acad\u00e9mico y Cierre del Ciclo Lectivo\n\n<\/h2>\t\t\t\t<\/div>\n\t\t\t\t<\/div>\n\t\t\t\t\t<\/div>\n\t\t<\/div>\n\t\t\t\t\t<\/div>\n\t\t<\/section>\n\t\t\t\t<section class=\"elementor-section elementor-top-section elementor-element elementor-element-cb39e3b elementor-section-boxed elementor-section-height-default elementor-section-height-default\" data-id=\"cb39e3b\" data-element_type=\"section\" data-e-type=\"section\">\n\t\t\t\t\t\t<div class=\"elementor-container elementor-column-gap-default\">\n\t\t\t\t\t<div class=\"elementor-column elementor-col-100 elementor-top-column elementor-element elementor-element-ac8230b\" data-id=\"ac8230b\" data-element_type=\"column\" data-e-type=\"column\">\n\t\t\t<div class=\"elementor-widget-wrap elementor-element-populated\">\n\t\t\t\t\t\t<div class=\"elementor-element elementor-element-e39efdb elementor-widget elementor-widget-text-editor\" data-id=\"e39efdb\" data-element_type=\"widget\" data-e-type=\"widget\" data-widget_type=\"text-editor.default\">\n\t\t\t\t<div class=\"elementor-widget-container\">\n\t\t\t\t\t\t\t\t\t<p>El jueves 30 de noviembre tuvimos el gran honor de celebrar la culminaci\u00f3n de la formaci\u00f3n profesional de un importante n\u00famero de estudiantes de esta casa. La ceremonia se realiz\u00f3 en patio cubierto de la instituci\u00f3n y fue presidida por las autoridades de la casa: el representante legal, Lic. Roberto Laur; la rectora, Lic. Mar\u00eda Gabriela Vicent\u00edn; el vicerrector, OPS Luis Hern\u00e1ndez; y el secretario acad\u00e9mico, Prof. Oscar Actis.<br \/>Acompa\u00f1aron docentes, personal no docente, familiares y amigos.<br \/><br \/>Los nuevos profesionales, nuestros flamantes graduados, son:<br \/><strong>Profesores de Educaci\u00f3n Secundaria en Inform\u00e1tica<\/strong><br \/><strong>T\u00e9cnicos Superiores en Desarrollo de Software<\/strong><br \/><strong>T\u00e9cnicos Superiores en Infraestructura Inform\u00e1tica<\/strong><br \/><strong>T\u00e9cnicos Superiores en Operador de Psicolog\u00eda Socia con orientaci\u00f3n al Acompa\u00f1amiento Institucional.<\/strong><\/p><p>La educaci\u00f3n es un faro que ilumina el camino hacia un futuro m\u00e1s brillante, y hoy ustedes llevan consigo esa luz. Que este logro sea solo el comienzo de un camino profesional colmado de \u00e9xitos y satisfacciones.<\/p><p><em><span style=\"color: #008000;\"><strong>\u00a1Felicidades, queridos graduados!<\/strong><\/span><\/em><\/p>\t\t\t\t\t\t\t\t<\/div>\n\t\t\t\t<\/div>\n\t\t\t\t<div class=\"elementor-element elementor-element-8cd44b8 elementor-widget elementor-widget-html\" data-id=\"8cd44b8\" data-element_type=\"widget\" data-e-type=\"widget\" data-widget_type=\"html.default\">\n\t\t\t\t<div class=\"elementor-widget-container\">\n\t\t\t\t\t<iframe src=\"https:\/\/www.facebook.com\/plugins\/post.php?href=https%3A%2F%2Fwww.facebook.com%2Finstsanjosei27%2Fposts%2Fpfbid02KVwWZ2BLW5UFs5z76tf9zA1LS9Ey23USHp4suxaCUoM5ZUkh4mHYC8zYhg75SLq6l&show_text=true&width=500\" width=\"500\" height=\"715\" style=\"border:none;overflow:hidden\" scrolling=\"no\" frameborder=\"0\" allowfullscreen=\"true\" allow=\"autoplay; clipboard-write; encrypted-media; picture-in-picture; web-share\"><\/iframe>\t\t\t\t<\/div>\n\t\t\t\t<\/div>\n\t\t\t\t\t<\/div>\n\t\t<\/div>\n\t\t\t\t\t<\/div>\n\t\t<\/section>\n\t\t\t\t<section class=\"elementor-section elementor-top-section elementor-element elementor-element-23402b5 elementor-section-boxed elementor-section-height-default elementor-section-height-default\" data-id=\"23402b5\" data-element_type=\"section\" data-e-type=\"section\">\n\t\t\t\t\t\t<div class=\"elementor-container elementor-column-gap-default\">\n\t\t\t\t\t<div class=\"elementor-column elementor-col-100 elementor-top-column elementor-element elementor-element-7dbf6b3\" data-id=\"7dbf6b3\" data-element_type=\"column\" data-e-type=\"column\">\n\t\t\t<div class=\"elementor-widget-wrap elementor-element-populated\">\n\t\t\t\t\t\t<div class=\"elementor-element elementor-element-05600eb e-grid-align-left elementor-shape-rounded elementor-grid-0 elementor-invisible elementor-widget elementor-widget-social-icons\" data-id=\"05600eb\" data-element_type=\"widget\" data-e-type=\"widget\" data-settings=\"{&quot;_animation&quot;:&quot;fadeIn&quot;}\" data-widget_type=\"social-icons.default\">\n\t\t\t\t<div class=\"elementor-widget-container\">\n\t\t\t\t\t\t\t<div class=\"elementor-social-icons-wrapper elementor-grid\" role=\"list\">\n\t\t\t\t\t\t\t<span class=\"elementor-grid-item\" role=\"listitem\">\n\t\t\t\t\t<a class=\"elementor-icon elementor-social-icon elementor-social-icon-facebook elementor-animation-grow elementor-repeater-item-47dd1a6\" href=\"https:\/\/www.facebook.com\/instsanjosei27\" target=\"_blank\">\n\t\t\t\t\t\t<span class=\"elementor-screen-only\">Facebook<\/span>\n\t\t\t\t\t\t<i aria-hidden=\"true\" class=\"fab fa-facebook\"><\/i>\t\t\t\t\t<\/a>\n\t\t\t\t<\/span>\n\t\t\t\t\t\t\t<span class=\"elementor-grid-item\" role=\"listitem\">\n\t\t\t\t\t<a class=\"elementor-icon elementor-social-icon elementor-social-icon-instagram elementor-animation-grow elementor-repeater-item-8625171\" href=\"https:\/\/www.instagram.com\/instsanjose\/\" target=\"_blank\">\n\t\t\t\t\t\t<span class=\"elementor-screen-only\">Instagram<\/span>\n\t\t\t\t\t\t<i aria-hidden=\"true\" class=\"fab fa-instagram\"><\/i>\t\t\t\t\t<\/a>\n\t\t\t\t<\/span>\n\t\t\t\t\t<\/div>\n\t\t\t\t\t\t<\/div>\n\t\t\t\t<\/div>\n\t\t\t\t\t<\/div>\n\t\t<\/div>\n\t\t\t\t\t<\/div>\n\t\t<\/section>\n\t\t\t\t<section class=\"elementor-section elementor-top-section elementor-element elementor-element-6c17913 elementor-section-boxed elementor-section-height-default elementor-section-height-default\" data-id=\"6c17913\" data-element_type=\"section\" data-e-type=\"section\">\n\t\t\t\t\t\t<div class=\"elementor-container elementor-column-gap-default\">\n\t\t\t\t\t<div class=\"elementor-column elementor-col-50 elementor-top-column elementor-element elementor-element-c2eb0c4\" data-id=\"c2eb0c4\" data-element_type=\"column\" data-e-type=\"column\">\n\t\t\t<div class=\"elementor-widget-wrap elementor-element-populated\">\n\t\t\t\t\t\t<div class=\"elementor-element elementor-element-8d24909 elementor-widget elementor-widget-html\" data-id=\"8d24909\" data-element_type=\"widget\" data-e-type=\"widget\" data-widget_type=\"html.default\">\n\t\t\t\t<div class=\"elementor-widget-container\">\n\t\t\t\t\t<input type=\"button\" onclick=\"history.back()\" name=\"volver atr\u00e1s\" value=\"volver \">\t\t\t\t<\/div>\n\t\t\t\t<\/div>\n\t\t\t\t\t<\/div>\n\t\t<\/div>\n\t\t\t\t<div class=\"elementor-column elementor-col-50 elementor-top-column elementor-element elementor-element-747f6db\" data-id=\"747f6db\" data-element_type=\"column\" data-e-type=\"column\">\n\t\t\t<div class=\"elementor-widget-wrap elementor-element-populated\">\n\t\t\t\t\t\t<div class=\"elementor-element elementor-element-5dbcc0d elementor-invisible elementor-widget elementor-widget-button\" data-id=\"5dbcc0d\" data-element_type=\"widget\" data-e-type=\"widget\" data-settings=\"{&quot;_animation&quot;:&quot;fadeInRight&quot;}\" data-widget_type=\"button.default\">\n\t\t\t\t<div class=\"elementor-widget-container\">\n\t\t\t\t\t\t\t\t\t<div class=\"elementor-button-wrapper\">\n\t\t\t\t\t<a class=\"elementor-button elementor-button-link elementor-size-sm\" href=\"http:\/\/nuevaweb.sanjosei27.edu.ar\/?page_id=43\">\n\t\t\t\t\t\t<span class=\"elementor-button-content-wrapper\">\n\t\t\t\t\t\t\t\t\t<span class=\"elementor-button-text\">+ novedades<\/span>\n\t\t\t\t\t<\/span>\n\t\t\t\t\t<\/a>\n\t\t\t\t<\/div>\n\t\t\t\t\t\t\t\t<\/div>\n\t\t\t\t<\/div>\n\t\t\t\t\t<\/div>\n\t\t<\/div>\n\t\t\t\t\t<\/div>\n\t\t<\/section>\n\t\t\t\t<\/div>\n\t\t","protected":false},"excerpt":{"rendered":"<p>El jueves 30 de noviembre tuvimos el gran honor de celebrar la culminaci\u00f3n de la formaci\u00f3n profesional de un importante n\u00famero de estudiantes de esta casa.<\/p>\n","protected":false},"author":1,"featured_media":2474,"comment_status":"closed","ping_status":"closed","sticky":false,"template":"elementor_header_footer","format":"standard","meta":{"footnotes":""},"categories":[5,11],"tags":[148,115,177,124,166],"class_list":["post-2473","post","type-post","status-publish","format-standard","has-post-thumbnail","hentry","category-alumnado","category-novedades","tag-148","tag-corrientes","tag-egresados","tag-estudiantes","tag-instituto-san-jose"],"_links":{"self":[{"href":"https:\/\/sanjosei27.edu.ar\/index.php?rest_route=\/wp\/v2\/posts\/2473","targetHints":{"allow":["GET"]}}],"collection":[{"href":"https:\/\/sanjosei27.edu.ar\/index.php?rest_route=\/wp\/v2\/posts"}],"about":[{"href":"https:\/\/sanjosei27.edu.ar\/index.php?rest_route=\/wp\/v2\/types\/post"}],"author":[{"embeddable":true,"href":"https:\/\/sanjosei27.edu.ar\/index.php?rest_route=\/wp\/v2\/users\/1"}],"replies":[{"embeddable":true,"href":"https:\/\/sanjosei27.edu.ar\/index.php?rest_route=%2Fwp%2Fv2%2Fcomments&post=2473"}],"version-history":[{"count":7,"href":"https:\/\/sanjosei27.edu.ar\/index.php?rest_route=\/wp\/v2\/posts\/2473\/revisions"}],"predecessor-version":[{"id":2481,"href":"https:\/\/sanjosei27.edu.ar\/index.php?rest_route=\/wp\/v2\/posts\/2473\/revisions\/2481"}],"wp:featuredmedia":[{"embeddable":true,"href":"https:\/\/sanjosei27.edu.ar\/index.php?rest_route=\/wp\/v2\/media\/2474"}],"wp:attachment":[{"href":"https:\/\/sanjosei27.edu.ar\/index.php?rest_route=%2Fwp%2Fv2%2Fmedia&parent=2473"}],"wp:term":[{"taxonomy":"category","embeddable":true,"href":"https:\/\/sanjosei27.edu.ar\/index.php?rest_route=%2Fwp%2Fv2%2Fcategories&post=2473"},{"taxonomy":"post_tag","embeddable":true,"href":"https:\/\/sanjosei27.edu.ar\/index.php?rest_route=%2Fwp%2Fv2%2Ftags&post=2473"}],"curies":[{"name":"wp","href":"https:\/\/api.w.org\/{rel}","templated":true}]}}