{"id":2888,"date":"2025-10-03T09:03:03","date_gmt":"2025-10-03T12:03:03","guid":{"rendered":"https:\/\/sanjosei27.edu.ar\/?p=2888"},"modified":"2025-10-03T09:05:09","modified_gmt":"2025-10-03T12:05:09","slug":"jornada-de-educacion-emocional","status":"publish","type":"post","link":"https:\/\/sanjosei27.edu.ar\/?p=2888","title":{"rendered":"Jornada de Educaci\u00f3n Emocional"},"content":{"rendered":"\t\t<div data-elementor-type=\"wp-post\" data-elementor-id=\"2888\" class=\"elementor elementor-2888\">\n\t\t\t\t\t\t<section class=\"elementor-section elementor-top-section elementor-element elementor-element-472a28f elementor-section-boxed elementor-section-height-default elementor-section-height-default\" data-id=\"472a28f\" data-element_type=\"section\" data-e-type=\"section\">\n\t\t\t\t\t\t<div class=\"elementor-container elementor-column-gap-default\">\n\t\t\t\t\t<div class=\"elementor-column elementor-col-100 elementor-top-column elementor-element elementor-element-c4c32cd\" data-id=\"c4c32cd\" data-element_type=\"column\" data-e-type=\"column\">\n\t\t\t<div class=\"elementor-widget-wrap elementor-element-populated\">\n\t\t\t\t\t\t<div class=\"elementor-element elementor-element-49df82b elementor-widget elementor-widget-heading\" data-id=\"49df82b\" data-element_type=\"widget\" data-e-type=\"widget\" data-widget_type=\"heading.default\">\n\t\t\t\t<div class=\"elementor-widget-container\">\n\t\t\t\t\t<h2 class=\"elementor-heading-title elementor-size-default\">Jornada de Educaci\u00f3n Emocional<\/h2>\t\t\t\t<\/div>\n\t\t\t\t<\/div>\n\t\t\t\t\t<\/div>\n\t\t<\/div>\n\t\t\t\t\t<\/div>\n\t\t<\/section>\n\t\t\t\t<section class=\"elementor-section elementor-top-section elementor-element elementor-element-a081677 elementor-section-boxed elementor-section-height-default elementor-section-height-default\" data-id=\"a081677\" data-element_type=\"section\" data-e-type=\"section\">\n\t\t\t\t\t\t<div class=\"elementor-container elementor-column-gap-default\">\n\t\t\t\t\t<div class=\"elementor-column elementor-col-100 elementor-top-column elementor-element elementor-element-095abe0\" data-id=\"095abe0\" data-element_type=\"column\" data-e-type=\"column\">\n\t\t\t<div class=\"elementor-widget-wrap elementor-element-populated\">\n\t\t\t\t\t\t<div class=\"elementor-element elementor-element-e8fd422 elementor-widget elementor-widget-text-editor\" data-id=\"e8fd422\" data-element_type=\"widget\" data-e-type=\"widget\" data-widget_type=\"text-editor.default\">\n\t\t\t\t<div class=\"elementor-widget-container\">\n\t\t\t\t\t\t\t\t\t<p>El Instituto Superior San Jos\u00e9 llevar\u00e1 adelante el <strong>viernes 17 de octubre, de 17 a 22 horas<\/strong>, la jornada <strong>\u201cAcompa\u00f1ar, escuchar y sentir para la ense\u00f1anza transformadora\u201d<\/strong>, aprobada por <strong>Resoluci\u00f3n Ministerial N\u00ba 3480<\/strong>.<\/p><p>Con <strong>modalidad presencial<\/strong> y una <strong>duraci\u00f3n de 6 horas reloj<\/strong>, la propuesta est\u00e1 destinada a <strong>docentes de Nivel Secundario y Superior,<\/strong> bajo la coordinaci\u00f3n de las <strong>profesoras Daiana Mariel Carreira, Mar\u00eda In\u00e9s Gonz\u00e1lez y Mar\u00eda Antonia Ram\u00edrez<\/strong>, quienes abordar\u00e1n la importancia de las emociones en los procesos de ense\u00f1anza y aprendizaje, promoviendo una mirada transformadora e integral de la educaci\u00f3n.<\/p><p>Este espacio se enmarca en el compromiso institucional de fortalecer la formaci\u00f3n docente continua, integrando la educaci\u00f3n emocional como pilar para una formaci\u00f3n m\u00e1s humana y transformadora.<\/p><p>.<\/p>\t\t\t\t\t\t\t\t<\/div>\n\t\t\t\t<\/div>\n\t\t\t\t<div class=\"elementor-element elementor-element-5a11b9d elementor-widget elementor-widget-image\" data-id=\"5a11b9d\" data-element_type=\"widget\" data-e-type=\"widget\" data-widget_type=\"image.default\">\n\t\t\t\t<div class=\"elementor-widget-container\">\n\t\t\t\t\t\t\t\t\t\t\t\t\t\t\t<img fetchpriority=\"high\" decoding=\"async\" width=\"800\" height=\"800\" src=\"https:\/\/sanjosei27.edu.ar\/wp-content\/uploads\/2025\/10\/posteo22-1024x1024.jpg\" class=\"attachment-large size-large wp-image-2889\" alt=\"\" srcset=\"https:\/\/sanjosei27.edu.ar\/wp-content\/uploads\/2025\/10\/posteo22-1024x1024.jpg 1024w, https:\/\/sanjosei27.edu.ar\/wp-content\/uploads\/2025\/10\/posteo22-300x300.jpg 300w, https:\/\/sanjosei27.edu.ar\/wp-content\/uploads\/2025\/10\/posteo22-150x150.jpg 150w, https:\/\/sanjosei27.edu.ar\/wp-content\/uploads\/2025\/10\/posteo22-768x768.jpg 768w, https:\/\/sanjosei27.edu.ar\/wp-content\/uploads\/2025\/10\/posteo22.jpg 1080w\" sizes=\"(max-width: 800px) 100vw, 800px\" \/>\t\t\t\t\t\t\t\t\t\t\t\t\t\t\t<\/div>\n\t\t\t\t<\/div>\n\t\t\t\t\t<\/div>\n\t\t<\/div>\n\t\t\t\t\t<\/div>\n\t\t<\/section>\n\t\t\t\t<section class=\"elementor-section elementor-top-section elementor-element elementor-element-8dceb19 elementor-section-boxed elementor-section-height-default elementor-section-height-default\" data-id=\"8dceb19\" data-element_type=\"section\" data-e-type=\"section\">\n\t\t\t\t\t\t<div class=\"elementor-container elementor-column-gap-default\">\n\t\t\t\t\t<div class=\"elementor-column elementor-col-100 elementor-top-column elementor-element elementor-element-b382f5e\" data-id=\"b382f5e\" data-element_type=\"column\" data-e-type=\"column\">\n\t\t\t<div class=\"elementor-widget-wrap\">\n\t\t\t\t\t\t\t<\/div>\n\t\t<\/div>\n\t\t\t\t\t<\/div>\n\t\t<\/section>\n\t\t\t\t<\/div>\n\t\t","protected":false},"excerpt":{"rendered":"<p>El viernes 17 de octubre, de 17 a 22 horas, la jornada \u201cAcompa\u00f1ar, escuchar y sentir para la ense\u00f1anza transformadora\u201d, aprobada por Resoluci\u00f3n Ministerial N\u00ba 3480.<\/p>\n","protected":false},"author":1,"featured_media":2889,"comment_status":"open","ping_status":"open","sticky":false,"template":"elementor_header_footer","format":"standard","meta":{"footnotes":""},"categories":[46,11],"tags":[191,131,115,204,205,203],"class_list":["post-2888","post","type-post","status-publish","format-standard","has-post-thumbnail","hentry","category-cursos-y-capacitaciones","category-novedades","tag-191","tag-capacitacion","tag-corrientes","tag-educacion-2","tag-emocional","tag-jornada"],"_links":{"self":[{"href":"https:\/\/sanjosei27.edu.ar\/index.php?rest_route=\/wp\/v2\/posts\/2888","targetHints":{"allow":["GET"]}}],"collection":[{"href":"https:\/\/sanjosei27.edu.ar\/index.php?rest_route=\/wp\/v2\/posts"}],"about":[{"href":"https:\/\/sanjosei27.edu.ar\/index.php?rest_route=\/wp\/v2\/types\/post"}],"author":[{"embeddable":true,"href":"https:\/\/sanjosei27.edu.ar\/index.php?rest_route=\/wp\/v2\/users\/1"}],"replies":[{"embeddable":true,"href":"https:\/\/sanjosei27.edu.ar\/index.php?rest_route=%2Fwp%2Fv2%2Fcomments&post=2888"}],"version-history":[{"count":4,"href":"https:\/\/sanjosei27.edu.ar\/index.php?rest_route=\/wp\/v2\/posts\/2888\/revisions"}],"predecessor-version":[{"id":2893,"href":"https:\/\/sanjosei27.edu.ar\/index.php?rest_route=\/wp\/v2\/posts\/2888\/revisions\/2893"}],"wp:featuredmedia":[{"embeddable":true,"href":"https:\/\/sanjosei27.edu.ar\/index.php?rest_route=\/wp\/v2\/media\/2889"}],"wp:attachment":[{"href":"https:\/\/sanjosei27.edu.ar\/index.php?rest_route=%2Fwp%2Fv2%2Fmedia&parent=2888"}],"wp:term":[{"taxonomy":"category","embeddable":true,"href":"https:\/\/sanjosei27.edu.ar\/index.php?rest_route=%2Fwp%2Fv2%2Fcategories&post=2888"},{"taxonomy":"post_tag","embeddable":true,"href":"https:\/\/sanjosei27.edu.ar\/index.php?rest_route=%2Fwp%2Fv2%2Ftags&post=2888"}],"curies":[{"name":"wp","href":"https:\/\/api.w.org\/{rel}","templated":true}]}}