{"id":2894,"date":"2025-10-03T09:07:36","date_gmt":"2025-10-03T12:07:36","guid":{"rendered":"https:\/\/sanjosei27.edu.ar\/?p=2894"},"modified":"2025-10-03T09:09:05","modified_gmt":"2025-10-03T12:09:05","slug":"la-escritura-en-el-nivel-medio-desafios-y-construcciones-didacticas","status":"publish","type":"post","link":"https:\/\/sanjosei27.edu.ar\/?p=2894","title":{"rendered":"\u201cLa Escritura en el Nivel Medio: Desaf\u00edos y Construcciones Did\u00e1cticas\u201d"},"content":{"rendered":"\t\t<div data-elementor-type=\"wp-post\" data-elementor-id=\"2894\" class=\"elementor elementor-2894\">\n\t\t\t\t\t\t<section class=\"elementor-section elementor-top-section elementor-element elementor-element-f12a491 elementor-section-boxed elementor-section-height-default elementor-section-height-default\" data-id=\"f12a491\" data-element_type=\"section\" data-e-type=\"section\">\n\t\t\t\t\t\t<div class=\"elementor-container elementor-column-gap-default\">\n\t\t\t\t\t<div class=\"elementor-column elementor-col-100 elementor-top-column elementor-element elementor-element-408de26\" data-id=\"408de26\" data-element_type=\"column\" data-e-type=\"column\">\n\t\t\t<div class=\"elementor-widget-wrap elementor-element-populated\">\n\t\t\t\t\t\t<div class=\"elementor-element elementor-element-5f6c51b elementor-widget elementor-widget-heading\" data-id=\"5f6c51b\" data-element_type=\"widget\" data-e-type=\"widget\" data-widget_type=\"heading.default\">\n\t\t\t\t<div class=\"elementor-widget-container\">\n\t\t\t\t\t<h2 class=\"elementor-heading-title elementor-size-default\">\u201cLa Escritura en el Nivel Medio: Desaf\u00edos y Construcciones Did\u00e1cticas\u201d<\/h2>\t\t\t\t<\/div>\n\t\t\t\t<\/div>\n\t\t\t\t\t<\/div>\n\t\t<\/div>\n\t\t\t\t\t<\/div>\n\t\t<\/section>\n\t\t\t\t<section class=\"elementor-section elementor-top-section elementor-element elementor-element-546eb74 elementor-section-boxed elementor-section-height-default elementor-section-height-default\" data-id=\"546eb74\" data-element_type=\"section\" data-e-type=\"section\">\n\t\t\t\t\t\t<div class=\"elementor-container elementor-column-gap-default\">\n\t\t\t\t\t<div class=\"elementor-column elementor-col-100 elementor-top-column elementor-element elementor-element-6d0b6df\" data-id=\"6d0b6df\" data-element_type=\"column\" data-e-type=\"column\">\n\t\t\t<div class=\"elementor-widget-wrap elementor-element-populated\">\n\t\t\t\t\t\t<div class=\"elementor-element elementor-element-c3b3dfe elementor-widget elementor-widget-text-editor\" data-id=\"c3b3dfe\" data-element_type=\"widget\" data-e-type=\"widget\" data-widget_type=\"text-editor.default\">\n\t\t\t\t<div class=\"elementor-widget-container\">\n\t\t\t\t\t\t\t\t\t<p>El <strong>3 de octubre, a las 19 horas,<\/strong> comenz\u00f3 a dictarse el curso semipresencial <strong>\u201cLa Escritura en el Nivel Medio: Desaf\u00edos y Construcciones Did\u00e1cticas\u201d, aprobado por Resoluci\u00f3n Ministerial N\u00ba 3642.<\/strong><\/p><p>Con una<strong> duraci\u00f3n de 61 horas<\/strong> reloj, la propuesta est\u00e1 destinada a docentes coformadores de escuelas asociadas y a profesores de Lengua y Literatura, bajo<strong> la coordinaci\u00f3n de las profesoras Susana Godoy, Johana Maciel y Mercedes Sosa<\/strong>, quienes guiar\u00e1n a los participantes en la reflexi\u00f3n y el dise\u00f1o de propuestas did\u00e1cticas que favorezcan la ense\u00f1anza de la escritura en el nivel medio.<\/p><p>Este espacio se enmarca en la misi\u00f3n institucional de promover la excelencia acad\u00e9mica y de acompa\u00f1ar el desarrollo profesional de los docentes a trav\u00e9s de instancias de actualizaci\u00f3n y construcci\u00f3n colectiva.<\/p>\t\t\t\t\t\t\t\t<\/div>\n\t\t\t\t<\/div>\n\t\t\t\t\t<\/div>\n\t\t<\/div>\n\t\t\t\t\t<\/div>\n\t\t<\/section>\n\t\t\t\t<section class=\"elementor-section elementor-top-section elementor-element elementor-element-6b232e9 elementor-section-boxed elementor-section-height-default elementor-section-height-default\" data-id=\"6b232e9\" data-element_type=\"section\" data-e-type=\"section\">\n\t\t\t\t\t\t<div class=\"elementor-container elementor-column-gap-default\">\n\t\t\t\t\t<div class=\"elementor-column elementor-col-100 elementor-top-column elementor-element elementor-element-31de1e6\" data-id=\"31de1e6\" data-element_type=\"column\" data-e-type=\"column\">\n\t\t\t<div class=\"elementor-widget-wrap elementor-element-populated\">\n\t\t\t\t\t\t<div class=\"elementor-element elementor-element-83c3e89 elementor-widget elementor-widget-image\" data-id=\"83c3e89\" data-element_type=\"widget\" data-e-type=\"widget\" data-widget_type=\"image.default\">\n\t\t\t\t<div class=\"elementor-widget-container\">\n\t\t\t\t\t\t\t\t\t\t\t\t\t\t\t<img fetchpriority=\"high\" decoding=\"async\" width=\"800\" height=\"800\" src=\"https:\/\/sanjosei27.edu.ar\/wp-content\/uploads\/2025\/10\/posteo21-1024x1024.jpg\" class=\"attachment-large size-large wp-image-2895\" alt=\"\" srcset=\"https:\/\/sanjosei27.edu.ar\/wp-content\/uploads\/2025\/10\/posteo21-1024x1024.jpg 1024w, https:\/\/sanjosei27.edu.ar\/wp-content\/uploads\/2025\/10\/posteo21-300x300.jpg 300w, https:\/\/sanjosei27.edu.ar\/wp-content\/uploads\/2025\/10\/posteo21-150x150.jpg 150w, https:\/\/sanjosei27.edu.ar\/wp-content\/uploads\/2025\/10\/posteo21-768x768.jpg 768w, https:\/\/sanjosei27.edu.ar\/wp-content\/uploads\/2025\/10\/posteo21.jpg 1080w\" sizes=\"(max-width: 800px) 100vw, 800px\" \/>\t\t\t\t\t\t\t\t\t\t\t\t\t\t\t<\/div>\n\t\t\t\t<\/div>\n\t\t\t\t\t<\/div>\n\t\t<\/div>\n\t\t\t\t\t<\/div>\n\t\t<\/section>\n\t\t\t\t<\/div>\n\t\t","protected":false},"excerpt":{"rendered":"<p>Comenz\u00f3 a dictarse el curso semipresencial \u201cLa Escritura en el Nivel Medio: Desaf\u00edos y Construcciones Did\u00e1cticas\u201d, aprobado por Resoluci\u00f3n Ministerial N\u00ba 3642.<\/p>\n","protected":false},"author":1,"featured_media":2895,"comment_status":"open","ping_status":"open","sticky":false,"template":"elementor_header_footer","format":"standard","meta":{"footnotes":""},"categories":[46,11],"tags":[],"class_list":["post-2894","post","type-post","status-publish","format-standard","has-post-thumbnail","hentry","category-cursos-y-capacitaciones","category-novedades"],"_links":{"self":[{"href":"https:\/\/sanjosei27.edu.ar\/index.php?rest_route=\/wp\/v2\/posts\/2894","targetHints":{"allow":["GET"]}}],"collection":[{"href":"https:\/\/sanjosei27.edu.ar\/index.php?rest_route=\/wp\/v2\/posts"}],"about":[{"href":"https:\/\/sanjosei27.edu.ar\/index.php?rest_route=\/wp\/v2\/types\/post"}],"author":[{"embeddable":true,"href":"https:\/\/sanjosei27.edu.ar\/index.php?rest_route=\/wp\/v2\/users\/1"}],"replies":[{"embeddable":true,"href":"https:\/\/sanjosei27.edu.ar\/index.php?rest_route=%2Fwp%2Fv2%2Fcomments&post=2894"}],"version-history":[{"count":4,"href":"https:\/\/sanjosei27.edu.ar\/index.php?rest_route=\/wp\/v2\/posts\/2894\/revisions"}],"predecessor-version":[{"id":2899,"href":"https:\/\/sanjosei27.edu.ar\/index.php?rest_route=\/wp\/v2\/posts\/2894\/revisions\/2899"}],"wp:featuredmedia":[{"embeddable":true,"href":"https:\/\/sanjosei27.edu.ar\/index.php?rest_route=\/wp\/v2\/media\/2895"}],"wp:attachment":[{"href":"https:\/\/sanjosei27.edu.ar\/index.php?rest_route=%2Fwp%2Fv2%2Fmedia&parent=2894"}],"wp:term":[{"taxonomy":"category","embeddable":true,"href":"https:\/\/sanjosei27.edu.ar\/index.php?rest_route=%2Fwp%2Fv2%2Fcategories&post=2894"},{"taxonomy":"post_tag","embeddable":true,"href":"https:\/\/sanjosei27.edu.ar\/index.php?rest_route=%2Fwp%2Fv2%2Ftags&post=2894"}],"curies":[{"name":"wp","href":"https:\/\/api.w.org\/{rel}","templated":true}]}}