{"id":594,"date":"2020-10-10T07:25:09","date_gmt":"2020-10-10T10:25:09","guid":{"rendered":"http:\/\/nuevaweb.sanjosei27.edu.ar\/?p=594"},"modified":"2020-11-05T07:31:57","modified_gmt":"2020-11-05T10:31:57","slug":"el-aporte-de-corrientes-archivo-historico-escolar","status":"publish","type":"post","link":"https:\/\/sanjosei27.edu.ar\/?p=594","title":{"rendered":"El aporte de Corrientes desde el Archivo Hist\u00f3rico Escolar"},"content":{"rendered":"<p><img loading=\"lazy\" decoding=\"async\" width=\"768\" height=\"768\" src=\"http:\/\/nuevaweb.sanjosei27.edu.ar\/wp-content\/uploads\/2020\/11\/Diseno-sin-titulo-1-768x768.png\" alt=\"\" loading=\"lazy\" srcset=\"http:\/\/nuevaweb.sanjosei27.edu.ar\/wp-content\/uploads\/2020\/11\/Diseno-sin-titulo-1-768x768.png 768w, http:\/\/nuevaweb.sanjosei27.edu.ar\/wp-content\/uploads\/2020\/11\/Diseno-sin-titulo-1-300x300.png 300w, http:\/\/nuevaweb.sanjosei27.edu.ar\/wp-content\/uploads\/2020\/11\/Diseno-sin-titulo-1-150x150.png 150w, http:\/\/nuevaweb.sanjosei27.edu.ar\/wp-content\/uploads\/2020\/11\/Diseno-sin-titulo-1.png 800w\" sizes=\"auto, (max-width: 768px) 100vw, 768px\"><\/p>\n<h2>El aporte de Corrientes desde el Archivo Hist\u00f3rico Escolar<\/h2>\n<p>La profesora Norma Fern\u00e1ndez Doux de Demarchi fue docente del Instituto Superior San Jos\u00e9 a lo largo de dos d\u00e9cadas y una valiosa protagonista de los primeros pasos de esta casa de formaci\u00f3n superior.<\/p>\n<p>En el texto que escribe a continuaci\u00f3n, la profesora e investigadora pone en valor el aporte que realiz\u00f3 la provincia de Corrientes en el inicio de la Primera Escuela Normal Nacional de la Rep\u00fablica Argentina.<\/p>\n<p>&#8212;&#8212;&#8212;&#8212;&#8212;&#8212;&#8212;&#8212;&#8212;&#8212;&#8212;&#8212;&#8212;&#8212;&#8212;&#8211;<\/p>\n<p>Pr\u00f3ximo a conmemorarse el sesquicentenario del inicio de las tareas docentes en la Escuela Normal del Paran\u00e1 (1871 \u2013 16 de agosto &#8211; 2021), primera instituci\u00f3n de jurisdicci\u00f3n nacional destinada a la formaci\u00f3n del Magisterio en el marco de la Ley n\u00b0 345\/1869 y posterior decreto del 13 de junio de 1870, firmados por el Presidente de la Rep\u00fablica Domingo Faustino Sarmiento y el Ministro de Justicia, Culto e Instrucci\u00f3n P\u00fablica Dr. Nicol\u00e1s Avellaneda, con sede en el&nbsp; antiguo edificio en que funcionara el gobierno de la Confederaci\u00f3n Argentina -, es interesante recordar entre otros, el aporte de la Provincia de Corrientes, en los tiempos fundacionales y en otros m\u00e1s recientes atesorados en distintas series documentales,&nbsp; enriqueciendo el patrimonio hist\u00f3rico-cultural de la c\u00e9lebre instituci\u00f3n.<\/p>\n<p>El Archivo conserva copia manuscrita de la nota enviada por el primer director de la Escuela Lic. George Albert Stearns al Gobernador&nbsp; de la provincia de Corrientes Dr. Juan Vicente Pamp\u00edn presentando la instituci\u00f3n e invitando a becar j\u00f3venes correntinos para cursar en ella el Profesorado Normal (ENP-A. Libro Copiador. Paran\u00e1, 15 de enero de 1876). La profesora Teresita Rocha en su libro: \u201cSimiente y mies\u201d. La Escuela Normal del Paran\u00e1 (1871-1969), publicado por la \u201cAsociaci\u00f3n de ex alumnos Maestros\u201d en el a\u00f1o 2010 con motivo del Bicentenario de la Revoluci\u00f3n de Mayo -, recoge entre 1879 y 1892 (gestiones de los directores: GEORGE ALBERT STEARNS (1871-1876); JOS\u00c9 MAR\u00cdA TORRES (1876-1885); GUSTAVO FERRARI (1885-1888); ALEJANDRO CARB\u00d3 (1888-1892); JOS\u00c9 MAR\u00cdA TORRES (1892-1894)-, los nombres de los siguientes Profesores Normales oriundos, algunos de ellos, de la capital correntina y otros, de distintos departamentos (Itat\u00ed; Mercedes; Esquina): RAIMUNDO BENITEZ (promoci\u00f3n 1879); MANUEL OLIVERA (promoci\u00f3n 1880); PUBLIO F. ESCOBAR (promoci\u00f3n 1885); DALMIRO SILVA (promoci\u00f3n 1886); ANGEL BASSI (promoci\u00f3n 1890); MANUEL BERM\u00daDEZ (promoci\u00f3n 1891); EVARISTO P\u00c9REZ VIRASORO (promoci\u00f3n 1891); y JUAN RAM\u00d3N BONASTRE (promoci\u00f3n 1892).Tambi\u00e9n se encuentran inscriptos en la serie correspondiente sin completar estudios: Fortunato L\u00f3pez, Cipriano B\u00e1ez y Juan D. Chapo. Fueron ellos los primeros alumnos correntinos llegados al Paran\u00e1, mientras la Escuela transitaba sus primeros&nbsp; a\u00f1os y sentaba un enorme prestigio en el pa\u00eds. Con el tiempo ser\u00edan destacadas personalidades educativas y pol\u00edticas en el orden provincial y nacional, como lo revelan los estudios a ellos dedicados.&nbsp;&nbsp;&nbsp;&nbsp;&nbsp;<\/p>\n<p>El Dr. MANUEL BERM\u00daDEZ (docente; Diputado Nacional; Senador Provincial (por la provincia de Corrientes) y 7\u00b0 Gobernador del Territorio Nacional de Misiones (1905-1908); Ministro de Hacienda e Instrucci\u00f3n P\u00fablica durante los mandatos de Mariano I. Loza (1913-1917) y de Jos\u00e9 E. Robert (1921-1925) en la Provincia de Corrientes; Ministro durante la Intervenci\u00f3n Federal en San Juan (1939-1941) y miembro de la Academia Venezolana de Letras, escribi\u00f3 en su madurez:<\/p>\n<p>\u201c\u2026 as\u00ed como en el puerto de Nueva York hay una alta columna que tiene un gran foco de luz, para iluminar desde la orilla del inmenso mar, el panorama y hasta el esp\u00edritu de una magn\u00edfica democracia que en materia institucional es un modelo para el mundo, as\u00ed tambi\u00e9n deb\u00eda colocarse sobre el frontispicio de la Escuela Normal de Paran\u00e1, un gran foco de luz que simbolice la redenci\u00f3n cultural que ella realiz\u00f3 en el pa\u00eds. Ser\u00eda el faro de la civilidad argentina, como aqu\u00e9lla otra es el faro de la libertad y de la democracia americana.\u201d(Benjam\u00edn de la Vega. Manuel Berm\u00fadez, destacada figura correntina. ANH. Investigaciones y ensayos; Tomo 20. Enero-Junio 1976. Diario \u201cEl Litoral\u201d. Corrientes, 20\/07\/1970).<\/p>\n<p>Ya en el siglo XX, la c\u00e1tedra TRABAJO AGR\u00cdCOLA (AGRONOM\u00cdA) fue incluida en la Escuela Normal de&nbsp; 1900 a 1914 con la&nbsp; propuesta de plantar \u00e1rboles e iniciar la huerta escolar presentada por la Escuela. Durante la gesti\u00f3n directiva del profesor Leopoldo Herrera (1894-1906), la c\u00e1tedra estuvo a cargo del Ing. Agr\u00f3nomo Pedro Berm\u00fadez, seg\u00fan Memoria-A\u00f1o escolar 1901. El Ing. Berm\u00fadez, correntino, hab\u00eda cursado estudios en el Colegio Nacional de Corrientes (Promoci\u00f3n 1896). Falleci\u00f3 muy joven en 1906, seg\u00fan carta enviada por su Sra. Madre existente en el Archivo. Serie: Informes del Director.<\/p>\n<p>El 13 de junio del a\u00f1o 2005 la Senadora Nacional (E.R.) Profesora GRACIELA BAR (correntina; egresada del ex Instituto Privado de Profesorado \u201cSan Jos\u00e9\u201d) presidenta de la Comisi\u00f3n de Educaci\u00f3n del H. Senado, obsequi\u00f3 a la Escuela en la persona de la directora, profesora Mar\u00eda Patricia Busselli, un ejemplar impreso del Diario de Sesiones de la H. C\u00e1mara con la transcripci\u00f3n del debate parlamentario realizado con motivo del proyecto presentado por el Presidente Sarmiento solicitando la autorizaci\u00f3n correspondiente para crear dos Escuelas Normales, la que fuera otorgada en sesi\u00f3n del 06 de octubre de 1869 (Ley n\u00b0 345\/69).<\/p>\n<p>En fecha 16 de Agosto de 2007 la artista pl\u00e1stica ANA MAR\u00cdA PAYBA (correntina; nacida en Alvear) obsequi\u00f3 a la autora de esta nota, una acuarela original de gran tama\u00f1o, que muestra el frente del actual edificio. De com\u00fan acuerdo, la acuarela enmarcada fue donada al Rectorado de la instituci\u00f3n (gesti\u00f3n Prof. Ma. Patricia Busselli), donde se encuentra actualmente.<\/p>\n<p>Pr\u00f3ximamente,&nbsp; la profesora NORMA FERN\u00c1NDEZ DOUX DE DEMARCHI (correntina; ex profesora del ex Instituto Privado de Profesorado \u201cSan Jos\u00e9\u201d) dar\u00e1 a conocer su obra: Escuela Normal de Paran\u00e1. Per\u00edodo 1869-1969, en adhesi\u00f3n al Sesquicentenario, en car\u00e1cter de homenaje y agradecimiento.<\/p>\n<p>Documentos fundacionales; alumnos de destacada actuaci\u00f3n; profesores; acuarela de difusi\u00f3n internacional a trav\u00e9s del Rectorado institucional; primera obra a editarse sobre la etapa de la formaci\u00f3n del Magisterio (1871-1969), son significativos aportes correntinos a la primera etapa de la PRIMERA ESCUELA NORMAL NACIONAL DE LA REP\u00daBLICA ARGENTINA, especialmente recordados en el \u201cD\u00eda del Profesor\/a\u201d(17 de septiembre, d\u00eda aniversario del fallecimiento de Jos\u00e9 M. Torres (1895), \u201cel Patriarca de las Escuelas Normales\u201d),&nbsp; para directivos, profesores y alumnos del actual INSTITUTO SUPERIOR \u201cSAN JOS\u00c9\u201d I-27, de la ciudad de Corrientes.<\/p>\n<p><strong>2019-2021.<\/strong> Trienio de valor pedag\u00f3gico-institucional en recordaci\u00f3n del 150\u00b0 aniversario de la creaci\u00f3n de la Escuela Normal del Paran\u00e1 (actual Escuela Normal \u201cJos\u00e9 Mar\u00eda Torres\u201d(UADER). A\u00f1o 2019 &#8211; 150\u00b0 aniversario de la sanci\u00f3n de la Ley Nacional n\u00b0 345\/1869 autorizando la creaci\u00f3n de dos Escuelas Normales. 2020 \u2013 150\u00b0 aniversario del Decreto del 13 de junio de 1870 estableciendo la primera de ellas en Paran\u00e1 (ex capital de la Confederaci\u00f3n Argentina). 2021 \u2013 150\u00b0 aniversario del inicio de las actividades docentes en la Escuela del Paran\u00e1 (16 de Agosto de 1871).<\/p>\n<p><strong>Profesora Elvira Norma Fern\u00e1ndez Doux de Demarchi<\/strong><\/p>\n<p>(Investigadora Institucional)<\/p>\n<p>Paran\u00e1, septiembre \/20<\/p>\n<p><a href=\"https:\/\/www.facebook.com\/instsanjosei27\" target=\"_blank\" rel=\"noopener noreferrer\"><br \/>\nFacebook<br \/>\n<\/a><br \/>\n<a href=\"https:\/\/www.instagram.com\/instsanjose\/\" target=\"_blank\" rel=\"noopener noreferrer\"><br \/>\nInstagram<br \/>\n<\/a><br \/>\n<input type=\"button\" onclick=\"history.back()\" name=\"volver atr\u00e1s\" value=\"volver \"><br \/>\n<a href=\"http:\/\/nuevaweb.sanjosei27.edu.ar\/?page_id=43\" role=\"button\"><br \/>\n+ novedades<br \/>\n<\/a><\/p>\n","protected":false},"excerpt":{"rendered":"<p>Un poco de historia, de la mano de profesora Norma Fern\u00e1ndez Doux de Demarchi.<\/p>\n","protected":false},"author":2,"featured_media":595,"comment_status":"closed","ping_status":"closed","sticky":false,"template":"elementor_header_footer","format":"standard","meta":{"footnotes":""},"categories":[11],"tags":[22,8],"class_list":["post-594","post","type-post","status-publish","format-standard","has-post-thumbnail","hentry","category-novedades","tag-clases-remotas","tag-novedades"],"_links":{"self":[{"href":"https:\/\/sanjosei27.edu.ar\/index.php?rest_route=\/wp\/v2\/posts\/594","targetHints":{"allow":["GET"]}}],"collection":[{"href":"https:\/\/sanjosei27.edu.ar\/index.php?rest_route=\/wp\/v2\/posts"}],"about":[{"href":"https:\/\/sanjosei27.edu.ar\/index.php?rest_route=\/wp\/v2\/types\/post"}],"author":[{"embeddable":true,"href":"https:\/\/sanjosei27.edu.ar\/index.php?rest_route=\/wp\/v2\/users\/2"}],"replies":[{"embeddable":true,"href":"https:\/\/sanjosei27.edu.ar\/index.php?rest_route=%2Fwp%2Fv2%2Fcomments&post=594"}],"version-history":[{"count":7,"href":"https:\/\/sanjosei27.edu.ar\/index.php?rest_route=\/wp\/v2\/posts\/594\/revisions"}],"predecessor-version":[{"id":602,"href":"https:\/\/sanjosei27.edu.ar\/index.php?rest_route=\/wp\/v2\/posts\/594\/revisions\/602"}],"wp:featuredmedia":[{"embeddable":true,"href":"https:\/\/sanjosei27.edu.ar\/index.php?rest_route=\/wp\/v2\/media\/595"}],"wp:attachment":[{"href":"https:\/\/sanjosei27.edu.ar\/index.php?rest_route=%2Fwp%2Fv2%2Fmedia&parent=594"}],"wp:term":[{"taxonomy":"category","embeddable":true,"href":"https:\/\/sanjosei27.edu.ar\/index.php?rest_route=%2Fwp%2Fv2%2Fcategories&post=594"},{"taxonomy":"post_tag","embeddable":true,"href":"https:\/\/sanjosei27.edu.ar\/index.php?rest_route=%2Fwp%2Fv2%2Ftags&post=594"}],"curies":[{"name":"wp","href":"https:\/\/api.w.org\/{rel}","templated":true}]}}